{"id":28145,"date":"2021-07-31T10:56:33","date_gmt":"2021-07-31T13:56:33","guid":{"rendered":"http:\/\/www.centraldenoticias.com.ar\/?p=28145"},"modified":"2021-07-31T10:56:33","modified_gmt":"2021-07-31T13:56:33","slug":"fallecio-el-ex-concejal-y-dirigente-radical-eduardo-malamud","status":"publish","type":"post","link":"https:\/\/cdnoticias.com\/index.php\/2021\/07\/31\/fallecio-el-ex-concejal-y-dirigente-radical-eduardo-malamud\/","title":{"rendered":"Falleci\u00f3 el ex concejal y dirigente radical Eduardo Malamud"},"content":{"rendered":"<p>Su muerte se inform\u00f3 en la noche del viernes. Distintos sectores pol\u00edticos lo despidieron. Tambi\u00e9n hab\u00eda sido diputado provincial.<!--more--><\/p>\n<hr \/>\n<p><strong>En la noche del viernes se inform\u00f3 el fallecimiento de Eduardo Malamu<\/strong>d, reconocido dirigente del radicalismo de Olavarr\u00eda.<\/p>\n<p>&nbsp;<\/p>\n<p>Ten\u00eda 79 a\u00f1os. Hab\u00eda sido <strong>concejal en el regreso de la democracia en Olavarr\u00eda, entre 1983 y 1987<\/strong>. En aquel a\u00f1o<strong> fue electo diputado provincial por la S\u00e9ptima<\/strong>.<\/p>\n<p>&nbsp;<\/p>\n<p>En los \u00faltimos a\u00f1os se mantuvo en la actividad pol\u00edtica como mayor contribuyente para el sector eseverrista en varios per\u00edodos y tambi\u00e9n tuvo <strong>activa participaci\u00f3n en las \u00faltimas internas de la UCR local y provincial<\/strong> entre 2020 y 2021.<\/p>\n<p>&nbsp;<\/p>\n<p>Su deceso caus\u00f3 pesar en la dirigencia pol\u00edtica local y algunos dejaron mensajes de despedida.<\/p>\n<p>&nbsp;<\/p>\n<blockquote class=\"twitter-tweet\">\n<p dir=\"ltr\" lang=\"es\">\u00a1Por siempre, Eduardo! Nos dejaste f\u00edsicamente pero quedar\u00e1 en el recuerdo de todo el radicalismo olavarriense tu hist\u00f3rica lucha por las causas justas y nobles. Estar\u00e1s siempre en nuestros corazones, correligionario. QEPD. <a href=\"https:\/\/t.co\/fofTzmjB6j\">pic.twitter.com\/fofTzmjB6j<\/a><\/p>\n<p>\u2014 Radicales Olavarr\u00eda (@RadicalesOlava1) <a href=\"https:\/\/twitter.com\/RadicalesOlava1\/status\/1421278756090613762?ref_src=twsrc%5Etfw\">July 31, 2021<\/a><\/p><\/blockquote>\n<p><script async src=\"https:\/\/platform.twitter.com\/widgets.js\" charset=\"utf-8\"><\/script><\/p>\n<blockquote class=\"twitter-tweet\">\n<p dir=\"ltr\" lang=\"es\">Lamentamos la reciente partida del entra\u00f1able dirigente radical Dr. Eduardo Malamud. Integrante del Concejo Deliberante en el regreso de la democracia en el a\u00f1o 1983, ex Diputado Provincial y destacado m\u00e9dico cl\u00ednico y vecino de nuestra ciudad.<br \/>\nNuestro saludo a toda su familia.<\/p>\n<p>\u2014 Concejales_JxC_Olavarr\u00eda (@ConcejalesO) <a href=\"https:\/\/twitter.com\/ConcejalesO\/status\/1421283756955013121?ref_src=twsrc%5Etfw\">July 31, 2021<\/a><\/p><\/blockquote>\n<p><script async src=\"https:\/\/platform.twitter.com\/widgets.js\" charset=\"utf-8\"><\/script><\/p>\n","protected":false},"excerpt":{"rendered":"<p>Su muerte se inform\u00f3 en la noche del viernes. Distintos sectores pol\u00edticos lo despidieron. Tambi\u00e9n hab\u00eda sido diputado provincial.<\/p>\n","protected":false},"author":4,"featured_media":28147,"comment_status":"closed","ping_status":"closed","sticky":false,"template":"","format":"standard","meta":{"_jetpack_memberships_contains_paid_content":false,"footnotes":""},"categories":[4,1],"tags":[],"class_list":["post-28145","post","type-post","status-publish","format-standard","has-post-thumbnail","hentry","category-politica","category-portada"],"jetpack_featured_media_url":"https:\/\/i0.wp.com\/cdnoticias.com\/wp-content\/uploads\/2021\/07\/eduardo-malamud-01.jpg?fit=800%2C445&ssl=1","jetpack_sharing_enabled":true,"_links":{"self":[{"href":"https:\/\/cdnoticias.com\/index.php\/wp-json\/wp\/v2\/posts\/28145","targetHints":{"allow":["GET"]}}],"collection":[{"href":"https:\/\/cdnoticias.com\/index.php\/wp-json\/wp\/v2\/posts"}],"about":[{"href":"https:\/\/cdnoticias.com\/index.php\/wp-json\/wp\/v2\/types\/post"}],"author":[{"embeddable":true,"href":"https:\/\/cdnoticias.com\/index.php\/wp-json\/wp\/v2\/users\/4"}],"replies":[{"embeddable":true,"href":"https:\/\/cdnoticias.com\/index.php\/wp-json\/wp\/v2\/comments?post=28145"}],"version-history":[{"count":0,"href":"https:\/\/cdnoticias.com\/index.php\/wp-json\/wp\/v2\/posts\/28145\/revisions"}],"wp:featuredmedia":[{"embeddable":true,"href":"https:\/\/cdnoticias.com\/index.php\/wp-json\/wp\/v2\/media\/28147"}],"wp:attachment":[{"href":"https:\/\/cdnoticias.com\/index.php\/wp-json\/wp\/v2\/media?parent=28145"}],"wp:term":[{"taxonomy":"category","embeddable":true,"href":"https:\/\/cdnoticias.com\/index.php\/wp-json\/wp\/v2\/categories?post=28145"},{"taxonomy":"post_tag","embeddable":true,"href":"https:\/\/cdnoticias.com\/index.php\/wp-json\/wp\/v2\/tags?post=28145"}],"curies":[{"name":"wp","href":"https:\/\/api.w.org\/{rel}","templated":true}]}}