{"id":28122,"date":"2021-07-30T18:55:47","date_gmt":"2021-07-30T21:55:47","guid":{"rendered":"http:\/\/www.centraldenoticias.com.ar\/?p=28122"},"modified":"2021-07-30T18:55:47","modified_gmt":"2021-07-30T21:55:47","slug":"policia-federal-realizo-un-operativo-en-la-zona-de-la-estacion-de-trenes","status":"publish","type":"post","link":"https:\/\/cdnoticias.com\/index.php\/2021\/07\/30\/policia-federal-realizo-un-operativo-en-la-zona-de-la-estacion-de-trenes\/","title":{"rendered":"Polic\u00eda Federal realiz\u00f3 un operativo en la zona de la Estaci\u00f3n de Trenes"},"content":{"rendered":"<p>Fue sobre la avenida Pringles, a metros tambi\u00e9n de la Terminal de \u00d3mnibus. Intervino la Divisi\u00f3n Operativa de nuestra ciudad.<!--more--><\/p>\n<hr \/>\n<p>En la tarde de este viernes persona de la Divisi\u00f3n Unidad Operativa de la polic\u00eda Federal de nuestra ciudad llev\u00f3 adelante tareas preventivas que tuvieron como escenario <strong>uno de los sectores de mayor circulaci\u00f3n local, como lo es la avenida Pringles a la altura aproximada del cruce con Necochea, frente al acceso a la Estaci\u00f3n de Trenes y a pocos metros de la Terminal de \u00d3mnibus local.<\/strong><\/p>\n<p>&nbsp;<\/p>\n<p><img data-recalc-dims=\"1\" loading=\"lazy\" decoding=\"async\" class=\"alignnone size-full wp-image-28112\" src=\"https:\/\/i0.wp.com\/cdnoticias.com\/wp-content\/uploads\/2021\/07\/federal02-1.jpg?resize=800%2C445&#038;ssl=1\" alt=\"\" width=\"800\" height=\"445\" srcset=\"https:\/\/i0.wp.com\/cdnoticias.com\/wp-content\/uploads\/2021\/07\/federal02-1.jpg?w=800&amp;ssl=1 800w, https:\/\/i0.wp.com\/cdnoticias.com\/wp-content\/uploads\/2021\/07\/federal02-1.jpg?resize=300%2C167&amp;ssl=1 300w, https:\/\/i0.wp.com\/cdnoticias.com\/wp-content\/uploads\/2021\/07\/federal02-1.jpg?resize=768%2C427&amp;ssl=1 768w\" sizes=\"auto, (max-width: 800px) 100vw, 800px\" \/><\/p>\n<p>&nbsp;<\/p>\n<p>Se trat\u00f3 de un nuevo control automotor est\u00e1tico, con el objetivo de<strong> identificar tanto veh\u00edculos como ocupantes<\/strong>, con el objetivo de prevenir y detectar delitos tanto de la \u00f3rbita Federal como Ordinaria, con el fin de contribuir a la seguridad en general.<\/p>\n<p>&nbsp;<\/p>\n<p><img data-recalc-dims=\"1\" loading=\"lazy\" decoding=\"async\" class=\"alignnone size-full wp-image-28114\" src=\"https:\/\/i0.wp.com\/cdnoticias.com\/wp-content\/uploads\/2021\/07\/federal-1.jpg?resize=800%2C445&#038;ssl=1\" alt=\"\" width=\"800\" height=\"445\" srcset=\"https:\/\/i0.wp.com\/cdnoticias.com\/wp-content\/uploads\/2021\/07\/federal-1.jpg?w=800&amp;ssl=1 800w, https:\/\/i0.wp.com\/cdnoticias.com\/wp-content\/uploads\/2021\/07\/federal-1.jpg?resize=300%2C167&amp;ssl=1 300w, https:\/\/i0.wp.com\/cdnoticias.com\/wp-content\/uploads\/2021\/07\/federal-1.jpg?resize=768%2C427&amp;ssl=1 768w\" sizes=\"auto, (max-width: 800px) 100vw, 800px\" \/><\/p>\n<p>&nbsp;<\/p>\n<p>Se detall\u00f3 que <strong>se interceptaron rodados de gama media y alta<\/strong> y, por \u00faltimo, se enfatiz\u00f3 que todo se llev\u00f3 adelante cumpliendo de manera estricta tanto las medidas de seguridad pertinentes como \u00a0los protocolos establecidos por Sanidad en cuanto a la prevenci\u00f3n de COVID-19.<\/p>\n","protected":false},"excerpt":{"rendered":"<p>Fue sobre la avenida Pringles, a metros tambi\u00e9n de la Terminal de \u00d3mnibus. Intervino la Divisi\u00f3n Operativa de nuestra ciudad.<\/p>\n","protected":false},"author":3,"featured_media":28113,"comment_status":"closed","ping_status":"closed","sticky":false,"template":"","format":"standard","meta":{"_jetpack_memberships_contains_paid_content":false,"footnotes":""},"categories":[14,1],"tags":[],"class_list":["post-28122","post","type-post","status-publish","format-standard","has-post-thumbnail","hentry","category-policiales","category-portada"],"jetpack_featured_media_url":"https:\/\/i0.wp.com\/cdnoticias.com\/wp-content\/uploads\/2021\/07\/federal01-1.jpg?fit=800%2C445&ssl=1","jetpack_sharing_enabled":true,"_links":{"self":[{"href":"https:\/\/cdnoticias.com\/index.php\/wp-json\/wp\/v2\/posts\/28122","targetHints":{"allow":["GET"]}}],"collection":[{"href":"https:\/\/cdnoticias.com\/index.php\/wp-json\/wp\/v2\/posts"}],"about":[{"href":"https:\/\/cdnoticias.com\/index.php\/wp-json\/wp\/v2\/types\/post"}],"author":[{"embeddable":true,"href":"https:\/\/cdnoticias.com\/index.php\/wp-json\/wp\/v2\/users\/3"}],"replies":[{"embeddable":true,"href":"https:\/\/cdnoticias.com\/index.php\/wp-json\/wp\/v2\/comments?post=28122"}],"version-history":[{"count":0,"href":"https:\/\/cdnoticias.com\/index.php\/wp-json\/wp\/v2\/posts\/28122\/revisions"}],"wp:featuredmedia":[{"embeddable":true,"href":"https:\/\/cdnoticias.com\/index.php\/wp-json\/wp\/v2\/media\/28113"}],"wp:attachment":[{"href":"https:\/\/cdnoticias.com\/index.php\/wp-json\/wp\/v2\/media?parent=28122"}],"wp:term":[{"taxonomy":"category","embeddable":true,"href":"https:\/\/cdnoticias.com\/index.php\/wp-json\/wp\/v2\/categories?post=28122"},{"taxonomy":"post_tag","embeddable":true,"href":"https:\/\/cdnoticias.com\/index.php\/wp-json\/wp\/v2\/tags?post=28122"}],"curies":[{"name":"wp","href":"https:\/\/api.w.org\/{rel}","templated":true}]}}