{"id":28094,"date":"2021-07-30T16:47:50","date_gmt":"2021-07-30T19:47:50","guid":{"rendered":"http:\/\/www.centraldenoticias.com.ar\/?p=28094"},"modified":"2021-07-30T18:32:18","modified_gmt":"2021-07-30T21:32:18","slug":"este-martes-comienza-la-vacunacion-a-adolescentes-con-comorbilidades-en-la-provincia","status":"publish","type":"post","link":"https:\/\/cdnoticias.com\/index.php\/2021\/07\/30\/este-martes-comienza-la-vacunacion-a-adolescentes-con-comorbilidades-en-la-provincia\/","title":{"rendered":"Este martes comienza la vacunaci\u00f3n a adolescentes con comorbilidades en la provincia"},"content":{"rendered":"<p>Ya se inscribieron m\u00e1s de 615 mil chicos de entre 12 y 17 a\u00f1os. De ellos, unos 100 mil que tienen enfermedades preexistentes y ser\u00e1n los priorizados.<!--more--><\/p>\n<hr \/>\n<p>M\u00e1s de 100 mil adolescentes de entre 12 y 17 a\u00f1os con comorbilidades r<strong>ecibir\u00e1n la primera dosis de la vacuna contra el coronavirus a partir del martes pr\u00f3ximo en la provincia de Buenos Aires.<\/strong><\/p>\n<p>&nbsp;<\/p>\n<p>Desde el Ministerio de Salud bonaerense detallaron que <strong>este viernes se enviar\u00e1n m\u00e1s de 100 mil turnos para comenzar a inmunizar desde el martes pr\u00f3ximo con la vacuna Moderna a los j\u00f3venes de 12 a 17 a\u00f1os \u201ccon situaciones de salud priorizadas\u201d de toda la provincia.<\/strong><\/p>\n<p>&nbsp;<\/p>\n<p><em>\u201cEl martes comienzan los turnos para las primeras dosis para adolescentes con comorbilidades\u201d,<\/em> confirm\u00f3 el jefe de Asesores de la cartera sanitaria, Enio Garc\u00eda.<\/p>\n<p>&nbsp;<\/p>\n<blockquote><p>Los adolescentes anotados ya suman 615 mil en la provincia de Buenos Aires, y de ese total, m\u00e1s de 100 mil chicos y chicas ser\u00e1n los priorizados.<\/p><\/blockquote>\n<p>&nbsp;<\/p>\n<p>Por su parte, la subsecretaria de Gesti\u00f3n de la Informaci\u00f3n de la cartera sanitaria, Leticia Ceriani, calcul\u00f3 que <strong>esas 100 mil dosis ser\u00e1n aplicadas entre la semana pr\u00f3xima y la siguiente<\/strong>, y se mostr\u00f3 confiada en que habr\u00e1 una registraci\u00f3n \u201cmasiva\u201d de adolescentes.<\/p>\n<p>&nbsp;<\/p>\n<p>Asimismo, Garc\u00eda record\u00f3 que <strong>los padres, madres, tutores o cuidadores de ni\u00f1os y ni\u00f1as de 12 a\u00f1os deben firmar una declaraci\u00f3n jurada que avale esa registraci\u00f3n<\/strong> <em>\u201cy estar acompa\u00f1ados al momento de vacunarse\u201d.<\/em><\/p>\n<p>&nbsp;<\/p>\n<p>Fuente: DIB.<\/p>\n","protected":false},"excerpt":{"rendered":"<p>Ya se inscribieron m\u00e1s de 615 mil chicos de entre 12 y 17 a\u00f1os. De ellos, unos 100 mil que<\/p>\n","protected":false},"author":5,"featured_media":28096,"comment_status":"closed","ping_status":"closed","sticky":false,"template":"","format":"standard","meta":{"_jetpack_memberships_contains_paid_content":false,"footnotes":""},"categories":[16,1],"tags":[],"class_list":["post-28094","post","type-post","status-publish","format-standard","has-post-thumbnail","hentry","category-covid-19","category-portada"],"jetpack_featured_media_url":"https:\/\/i0.wp.com\/cdnoticias.com\/wp-content\/uploads\/2021\/07\/Adolescentes-xinhua.jpg?fit=768%2C512&ssl=1","jetpack_sharing_enabled":true,"_links":{"self":[{"href":"https:\/\/cdnoticias.com\/index.php\/wp-json\/wp\/v2\/posts\/28094","targetHints":{"allow":["GET"]}}],"collection":[{"href":"https:\/\/cdnoticias.com\/index.php\/wp-json\/wp\/v2\/posts"}],"about":[{"href":"https:\/\/cdnoticias.com\/index.php\/wp-json\/wp\/v2\/types\/post"}],"author":[{"embeddable":true,"href":"https:\/\/cdnoticias.com\/index.php\/wp-json\/wp\/v2\/users\/5"}],"replies":[{"embeddable":true,"href":"https:\/\/cdnoticias.com\/index.php\/wp-json\/wp\/v2\/comments?post=28094"}],"version-history":[{"count":0,"href":"https:\/\/cdnoticias.com\/index.php\/wp-json\/wp\/v2\/posts\/28094\/revisions"}],"wp:featuredmedia":[{"embeddable":true,"href":"https:\/\/cdnoticias.com\/index.php\/wp-json\/wp\/v2\/media\/28096"}],"wp:attachment":[{"href":"https:\/\/cdnoticias.com\/index.php\/wp-json\/wp\/v2\/media?parent=28094"}],"wp:term":[{"taxonomy":"category","embeddable":true,"href":"https:\/\/cdnoticias.com\/index.php\/wp-json\/wp\/v2\/categories?post=28094"},{"taxonomy":"post_tag","embeddable":true,"href":"https:\/\/cdnoticias.com\/index.php\/wp-json\/wp\/v2\/tags?post=28094"}],"curies":[{"name":"wp","href":"https:\/\/api.w.org\/{rel}","templated":true}]}}