{"id":2809,"date":"2020-09-30T08:21:06","date_gmt":"2020-09-30T11:21:06","guid":{"rendered":"http:\/\/www.centraldenoticias.com.ar\/?p=2809"},"modified":"2020-09-30T08:21:06","modified_gmt":"2020-09-30T11:21:06","slug":"horacio-raul-parma-q-e-p-d","status":"publish","type":"post","link":"https:\/\/cdnoticias.com\/index.php\/2020\/09\/30\/horacio-raul-parma-q-e-p-d\/","title":{"rendered":"Horacio Ra\u00fal Parma (Q.E.P.D.)"},"content":{"rendered":"<p>Falleci\u00f3 en Olavarr\u00eda el d\u00eda 29 de septiembre de 2020 a los 74 a\u00f1os de edad. Su hermana Maris; sus sobrinos: Mario, Juan Jos\u00e9, Hugo, Oscar, Atilio y dem\u00e1s deudos participan su fallecimiento.<\/p>\n<p>No se realiza velatorio ni responso. Inhumaci\u00f3n: Cementerio Loma de Paz mi\u00e9rcoles 30 de septiembre a las 10:30. Servicio adherido a Coopelectric.<\/p>\n<p>Vecino de Villa Floresta. Nacido en Olavarr\u00eda. Jubilado.<\/p>\n","protected":false},"excerpt":{"rendered":"<p>Falleci\u00f3 en Olavarr\u00eda el d\u00eda 29 de septiembre de 2020 a los 74 a\u00f1os de edad. Su hermana Maris; sus<\/p>\n","protected":false},"author":4,"featured_media":0,"comment_status":"closed","ping_status":"closed","sticky":false,"template":"","format":"standard","meta":{"_jetpack_memberships_contains_paid_content":false,"footnotes":""},"categories":[10],"tags":[],"class_list":["post-2809","post","type-post","status-publish","format-standard","hentry","category-necrologicas"],"jetpack_featured_media_url":"","jetpack_sharing_enabled":true,"_links":{"self":[{"href":"https:\/\/cdnoticias.com\/index.php\/wp-json\/wp\/v2\/posts\/2809","targetHints":{"allow":["GET"]}}],"collection":[{"href":"https:\/\/cdnoticias.com\/index.php\/wp-json\/wp\/v2\/posts"}],"about":[{"href":"https:\/\/cdnoticias.com\/index.php\/wp-json\/wp\/v2\/types\/post"}],"author":[{"embeddable":true,"href":"https:\/\/cdnoticias.com\/index.php\/wp-json\/wp\/v2\/users\/4"}],"replies":[{"embeddable":true,"href":"https:\/\/cdnoticias.com\/index.php\/wp-json\/wp\/v2\/comments?post=2809"}],"version-history":[{"count":0,"href":"https:\/\/cdnoticias.com\/index.php\/wp-json\/wp\/v2\/posts\/2809\/revisions"}],"wp:attachment":[{"href":"https:\/\/cdnoticias.com\/index.php\/wp-json\/wp\/v2\/media?parent=2809"}],"wp:term":[{"taxonomy":"category","embeddable":true,"href":"https:\/\/cdnoticias.com\/index.php\/wp-json\/wp\/v2\/categories?post=2809"},{"taxonomy":"post_tag","embeddable":true,"href":"https:\/\/cdnoticias.com\/index.php\/wp-json\/wp\/v2\/tags?post=2809"}],"curies":[{"name":"wp","href":"https:\/\/api.w.org\/{rel}","templated":true}]}}