{"id":28075,"date":"2021-07-30T13:52:46","date_gmt":"2021-07-30T16:52:46","guid":{"rendered":"http:\/\/www.centraldenoticias.com.ar\/?p=28075"},"modified":"2021-07-30T16:48:29","modified_gmt":"2021-07-30T19:48:29","slug":"la-forma-en-que-la-politica-vaya-para-adelante-es-que-quienes-viven-el-dia-a-dia-sean-parte-de-ella","status":"publish","type":"post","link":"https:\/\/cdnoticias.com\/index.php\/2021\/07\/30\/la-forma-en-que-la-politica-vaya-para-adelante-es-que-quienes-viven-el-dia-a-dia-sean-parte-de-ella\/","title":{"rendered":"\u201cLa forma en que la pol\u00edtica vaya para adelante es que quienes viven el d\u00eda a d\u00eda sean parte de ella\u201d"},"content":{"rendered":"<p>Lo dijo Celeste Arouxet, precandidata a concejal por Avanza Libertad de Olavarr\u00eda y fundadora de \u201cAhora Olavarr\u00eda\u201d. El contacto con Espert, la integraci\u00f3n de la lista, el futuro de la ciudad.<\/p>\n<p><!--more--><\/p>\n<hr \/>\n<p><strong>Josefina Bargas<\/strong> \/ <a href=\"https:\/\/twitter.com\/JosefinaB\" target=\"_blank\" rel=\"noopener\">@JosefinaB<\/a><\/p>\n<p><em>(del staff de Central de Noticias)<\/em><\/p>\n<p>&nbsp;<\/p>\n<p><strong>\u201cAhora Olavarr\u00eda\u201d es la agrupaci\u00f3n que Celeste Arouxet present\u00f3 al confirmar su precandidatura para el Concejo Deliberante de Olavarr\u00eda<\/strong>. <a href=\"https:\/\/cdnoticias.com\/index.php\/2021\/07\/29\/celeste-arouxet-confirmo-su-candidatura-y-presento-su-propio-espacio\/\" target=\"_blank\" rel=\"noopener\">Encabeza una lista en el frente Avanza Libertad<\/a> que tiene como referente a Jos\u00e9 Luis Espert.<\/p>\n<p>&nbsp;<\/p>\n<p>De esta manera <strong>buscar\u00e1 la reelecci\u00f3n en su banca<\/strong> y adem\u00e1s, el anuncio de su precandidatura para las PASO de septiembre signific\u00f3<strong> la salida de Juntos por el Cambio<\/strong>, frente que integr\u00f3 a pesar de su alejamiento del oficialismo local a mediados de 2020 y donde sostuvo su pertenencia al radicalismo.<\/p>\n<p>&nbsp;<\/p>\n<blockquote><p>\u201cAhora Olavarr\u00eda con Guillermo (Lascano) hace mucho que lo venimos pensando en base a lo poco o mucho que vimos en este tiempo en la pol\u00edtica. Era necesario un equipo de trabajo y un espacio donde la gente se sienta representada m\u00e1s all\u00e1 de las banderas partidarias. Escuchar a la gente que tiene mucho para dar a la pol\u00edtica y a la vez de que desde la pol\u00edtica se hace tan poco por la ciudad al ir analizando lo que pas\u00f3 en estos cuatro a\u00f1os\u201d plante\u00f3 Arouxet.<\/p><\/blockquote>\n<p>&nbsp;<\/p>\n<p>En una entrevista con <strong>Central de Noticias<\/strong> cuestion\u00f3 <strong>\u201cla falta de empat\u00eda que vi desde el sector pol\u00edtico para la ciudad\u201d<\/strong> para retomar un aspecto que ha reiterado en los \u00faltimos a\u00f1os: \u201choy Olavarr\u00eda no tiene un plan estrat\u00e9gico ni un plan a futuro y eso es debido a la pol\u00edtica\u201d.<\/p>\n<p>&nbsp;<\/p>\n<p><img data-recalc-dims=\"1\" loading=\"lazy\" decoding=\"async\" class=\"size-full wp-image-28078 aligncenter\" src=\"https:\/\/i0.wp.com\/cdnoticias.com\/wp-content\/uploads\/2021\/07\/celeste-arouxet-guillermo-lascano-800x445.jpg?resize=735%2C408&#038;ssl=1\" alt=\"\" width=\"735\" height=\"408\" srcset=\"https:\/\/i0.wp.com\/cdnoticias.com\/wp-content\/uploads\/2021\/07\/celeste-arouxet-guillermo-lascano-800x445.jpg?w=735&amp;ssl=1 735w, https:\/\/i0.wp.com\/cdnoticias.com\/wp-content\/uploads\/2021\/07\/celeste-arouxet-guillermo-lascano-800x445.jpg?resize=300%2C167&amp;ssl=1 300w\" sizes=\"auto, (max-width: 735px) 100vw, 735px\" \/><\/p>\n<p>&nbsp;<\/p>\n<p><em>\u00bfPor qu\u00e9 formaron una agrupaci\u00f3n propia?<\/em><\/p>\n<p>&nbsp;<\/p>\n<p>Pasa siempre lo mismo: quedan las ordenanzas en el camino, quedan las ayudas a los sectores en el camino, y quedan los acuerdos pol\u00edticos que a veces solamente favorecen a los que lo integran y al margen queda la gente. Entonces<strong> hace rato que ven\u00edamos pensando en c\u00f3mo armar un espacio donde la gente se sienta representada sin importar si sos radical, peronista, conservador, liberal<\/strong> sino enfocarlo a lo local para ver si se puede cambiar la realidad de Olavarr\u00eda. Hay tanto para hacer en la ciudad, Olavarr\u00eda est\u00e1 cada vez peor patrimonial y econ\u00f3micamente. Hay sectores que de verdad est\u00e1n hoy destruidos y los vemos desde nuestro trabajo, yo soy contadora y Guille tambi\u00e9n se dedica al tema de la econom\u00eda. Lo ves d\u00eda a d\u00eda en tu familia y amigos, en las pymes que te piden c\u00f3mo salir adelante. Y entonces se pens\u00f3 en eso, es un espacio a nivel local.<\/p>\n<p>&nbsp;<\/p>\n<p><em>\u00bfYa son un partido pol\u00edtico?<\/em><\/p>\n<p>&nbsp;<\/p>\n<p>Se est\u00e1n haciendo los tr\u00e1mites para que Ahora Olavarr\u00eda quede formalizado como agrupaci\u00f3n partidaria. Mientras tanto, se nos dio la posibilidad de presentarnos junto a Jos\u00e9 Luis Espert. <strong>La lista en realidad es de gente que no tiene nada que ver con la pol\u00edtica y que hoy en d\u00eda quieren aportar desde su lugar de trabajo<\/strong>. Son todas personas de trabajo, pymes comerciantes emprendedores de diferentes sectores comerciales que hoy la pasa dif\u00edcil.<\/p>\n<p>&nbsp;<\/p>\n<blockquote><p>Yo creo que uno puede aportar desde lo vivido. A veces ves que la pol\u00edtica opina y no la vivieron, no tuvieron que cubrir un cheque, tener que pagarle a empleados y no tener para el sueldo, y creo que es necesario hacer pol\u00edtica con gente que lo haya vivido.<\/p><\/blockquote>\n<p>&nbsp;<\/p>\n<p><img data-recalc-dims=\"1\" loading=\"lazy\" decoding=\"async\" class=\"size-large wp-image-27619 aligncenter\" src=\"https:\/\/i0.wp.com\/cdnoticias.com\/wp-content\/uploads\/2021\/07\/225865286_712771406193788_3329493872820899885_n.jpg?resize=800%2C534&#038;ssl=1\" alt=\"\" width=\"800\" height=\"534\" srcset=\"https:\/\/i0.wp.com\/cdnoticias.com\/wp-content\/uploads\/2021\/07\/225865286_712771406193788_3329493872820899885_n.jpg?resize=1024%2C683&amp;ssl=1 1024w, https:\/\/i0.wp.com\/cdnoticias.com\/wp-content\/uploads\/2021\/07\/225865286_712771406193788_3329493872820899885_n.jpg?resize=300%2C200&amp;ssl=1 300w, https:\/\/i0.wp.com\/cdnoticias.com\/wp-content\/uploads\/2021\/07\/225865286_712771406193788_3329493872820899885_n.jpg?resize=768%2C512&amp;ssl=1 768w, https:\/\/i0.wp.com\/cdnoticias.com\/wp-content\/uploads\/2021\/07\/225865286_712771406193788_3329493872820899885_n.jpg?resize=272%2C182&amp;ssl=1 272w, https:\/\/i0.wp.com\/cdnoticias.com\/wp-content\/uploads\/2021\/07\/225865286_712771406193788_3329493872820899885_n.jpg?w=2048&amp;ssl=1 2048w, https:\/\/i0.wp.com\/cdnoticias.com\/wp-content\/uploads\/2021\/07\/225865286_712771406193788_3329493872820899885_n.jpg?w=1600&amp;ssl=1 1600w\" sizes=\"auto, (max-width: 800px) 100vw, 800px\" \/><\/p>\n<p>&nbsp;<\/p>\n<p><em>\u00bfCu\u00e1l es la importancia de hacer hincapi\u00e9 en lo local y dar participaci\u00f3n a personas que hasta el momento no hab\u00edan incursionado en pol\u00edtica?<\/em><\/p>\n<p>&nbsp;<\/p>\n<p>Lo que pasa es que cuando te defrauda y ves lo que pasa cuando los actores pol\u00edticos no trabajan para la gente, ves que <strong>la forma en que la pol\u00edtica vaya para adelante es que quienes viven el d\u00eda a d\u00eda sean parte de ella<\/strong>. Si no estuviste cerca de las situaciones es muy dif\u00edcil que te involucres y m\u00e1s si no llegas a tener empat\u00eda ni pens\u00e1s en el otro.<\/p>\n<p>&nbsp;<\/p>\n<p>La idea nuestra es un espacio amplio, sin banderas, con gente que quiera cambiar la realidad de la pol\u00edtica de Olavarr\u00eda, que piense por la ciudad y por la gente. Principalmente <strong>que todos los sectores se sientan identificados con la clase pol\u00edtica<\/strong>.<\/p>\n<p>&nbsp;<\/p>\n<p><em>\u00bfCu\u00e1nto hace que comenz\u00f3 el contacto con el sector de Espert?<\/em><\/p>\n<p>&nbsp;<\/p>\n<blockquote><p>Formamos Ahora Olavarr\u00eda y nos llamaron de diferentes espacios pol\u00edticos, porque la idea nuestra era un espacio amplio. Lo de Jos\u00e9 Luis Espert surgi\u00f3 hace poco, har\u00e1 un mes.<\/p><\/blockquote>\n<p>&nbsp;<\/p>\n<p><img data-recalc-dims=\"1\" loading=\"lazy\" decoding=\"async\" class=\"size-large wp-image-8629 aligncenter\" src=\"https:\/\/i0.wp.com\/cdnoticias.com\/wp-content\/uploads\/2020\/12\/WhatsApp-Image-2020-12-10-at-10.29.07.jpeg?resize=800%2C600&#038;ssl=1\" alt=\"\" width=\"800\" height=\"600\" srcset=\"https:\/\/i0.wp.com\/cdnoticias.com\/wp-content\/uploads\/2020\/12\/WhatsApp-Image-2020-12-10-at-10.29.07.jpeg?resize=1024%2C768&amp;ssl=1 1024w, https:\/\/i0.wp.com\/cdnoticias.com\/wp-content\/uploads\/2020\/12\/WhatsApp-Image-2020-12-10-at-10.29.07.jpeg?resize=300%2C225&amp;ssl=1 300w, https:\/\/i0.wp.com\/cdnoticias.com\/wp-content\/uploads\/2020\/12\/WhatsApp-Image-2020-12-10-at-10.29.07.jpeg?resize=768%2C576&amp;ssl=1 768w, https:\/\/i0.wp.com\/cdnoticias.com\/wp-content\/uploads\/2020\/12\/WhatsApp-Image-2020-12-10-at-10.29.07.jpeg?w=1040&amp;ssl=1 1040w\" sizes=\"auto, (max-width: 800px) 100vw, 800px\" \/><\/p>\n<p>&nbsp;<\/p>\n<p><em>\u00bfQu\u00e9 rescat\u00e1s de Espert?<\/em><\/p>\n<p>&nbsp;<\/p>\n<p><strong>Te dice las cosas en la cara<\/strong>, que en la pol\u00edtica es muy dif\u00edcil que te las digan, y sigue sus ideas. Si vas a buscar a alguien para ser referente o presentar una lista, tiene que ser alguien que por lo menos tenga algo que te referencia. Y yo por ah\u00ed lo que tengo, que para algunos est\u00e1 bien y para otros mal, es decir lo que pienso sin filtro.\u00a0<strong>Creo que la pol\u00edtica necesita gente que se la juegue para decir lo que piensa m\u00e1s all\u00e1 de que le vaya bien o mal<\/strong>. Si tengo que decir lo que no pienso para que me vaya bien, de eso no se trata la pol\u00edtica. Para mucha gente s\u00ed, por eso <strong>la obsecuencia<\/strong> donde para permanecer en un espacio, por un puesto, se dejan de lado los principios.<\/p>\n<p>&nbsp;<\/p>\n<p><em>Hablaste de la ayuda a los sectores y cuando se archiv\u00f3 el proyecto de financiamiento para los clubes hab\u00edas dicho que esperabas volver a presentarlo en el Concejo \u00bfeste es el espacio para ese tipo de iniciativas?<\/em><\/p>\n<p>&nbsp;<\/p>\n<p>S\u00ed. Ojal\u00e1 que los concejales que ingresen en 2022 le den un impulso a ese proyecto, porque est\u00e1 aplicado muchas localidades de la provincia. Fue una falta respeto a los clubes la forma en que la mayor\u00eda del Concejo Deliberante lo vot\u00f3 para archivo. <strong>Los que trabajamos en clubes sabemos lo que significa y ese proyecto fue decir cu\u00e1ndo van a pensar en la gente<\/strong>: no perjudicaba al Municipio, al contrario, generaba ingresos extra, es sencillo de aplicar, todav\u00eda pienso que en alg\u00fan momento se va a tratar. Hoy hay otro proyecto presentado por Silvio Moncani para destinar parte del presupuesto a los clubes. Y si hay muchos proyectos presentados por lo mismo, es que el sector lo necesita.<\/p>\n<p>&nbsp;<\/p>\n<blockquote><p>Los clubes cumplen una funci\u00f3n fundamental y desde 2019 que no tienen ayuda. Con cinco pelotas a un club no solucion\u00e1s nada, porque necesita para la luz, el gas, pagarle a los profesores, invertir. Necesitamos una pol\u00edtica de contenci\u00f3n a los clubes. Y nosotros ir como pol\u00edticos a tocarle la puerta a los clubes, y no que los clubes tengan que venir a tocar la puerta de la clase pol\u00edtica.<\/p><\/blockquote>\n<p>&nbsp;<\/p>\n<p><em>\u00bfQuer\u00e9s decir algo m\u00e1s?<\/em><\/p>\n<p>&nbsp;<\/p>\n<p>A veces la gente se reniega de la pol\u00edtica con toda la raz\u00f3n, porque me pasa m\u00ed desde adentro. Los invitamos a participar desde este espacio que sin banderas,<strong> queremos una Olavarr\u00eda como todos los olavarrienses se merecen y hoy la pol\u00edtica tanto les est\u00e1 debiendo<\/strong>.<\/p>\n","protected":false},"excerpt":{"rendered":"<p>Lo dijo Celeste Arouxet, precandidata a concejal por Avanza Libertad de Olavarr\u00eda y fundadora de \u201cAhora Olavarr\u00eda\u201d. El contacto con<\/p>\n","protected":false},"author":4,"featured_media":27964,"comment_status":"closed","ping_status":"closed","sticky":false,"template":"","format":"standard","meta":{"_jetpack_memberships_contains_paid_content":false,"footnotes":""},"categories":[4,1],"tags":[],"class_list":["post-28075","post","type-post","status-publish","format-standard","has-post-thumbnail","hentry","category-politica","category-portada"],"jetpack_featured_media_url":"https:\/\/i0.wp.com\/cdnoticias.com\/wp-content\/uploads\/2021\/07\/celeste-arouxet00.jpg?fit=800%2C445&ssl=1","jetpack_sharing_enabled":true,"_links":{"self":[{"href":"https:\/\/cdnoticias.com\/index.php\/wp-json\/wp\/v2\/posts\/28075","targetHints":{"allow":["GET"]}}],"collection":[{"href":"https:\/\/cdnoticias.com\/index.php\/wp-json\/wp\/v2\/posts"}],"about":[{"href":"https:\/\/cdnoticias.com\/index.php\/wp-json\/wp\/v2\/types\/post"}],"author":[{"embeddable":true,"href":"https:\/\/cdnoticias.com\/index.php\/wp-json\/wp\/v2\/users\/4"}],"replies":[{"embeddable":true,"href":"https:\/\/cdnoticias.com\/index.php\/wp-json\/wp\/v2\/comments?post=28075"}],"version-history":[{"count":0,"href":"https:\/\/cdnoticias.com\/index.php\/wp-json\/wp\/v2\/posts\/28075\/revisions"}],"wp:featuredmedia":[{"embeddable":true,"href":"https:\/\/cdnoticias.com\/index.php\/wp-json\/wp\/v2\/media\/27964"}],"wp:attachment":[{"href":"https:\/\/cdnoticias.com\/index.php\/wp-json\/wp\/v2\/media?parent=28075"}],"wp:term":[{"taxonomy":"category","embeddable":true,"href":"https:\/\/cdnoticias.com\/index.php\/wp-json\/wp\/v2\/categories?post=28075"},{"taxonomy":"post_tag","embeddable":true,"href":"https:\/\/cdnoticias.com\/index.php\/wp-json\/wp\/v2\/tags?post=28075"}],"curies":[{"name":"wp","href":"https:\/\/api.w.org\/{rel}","templated":true}]}}