{"id":28061,"date":"2021-07-30T12:01:49","date_gmt":"2021-07-30T15:01:49","guid":{"rendered":"http:\/\/www.centraldenoticias.com.ar\/?p=28061"},"modified":"2021-07-30T14:16:51","modified_gmt":"2021-07-30T17:16:51","slug":"es-como-si-la-vida-de-nuestros-hijos-no-valiera-un-peso","status":"publish","type":"post","link":"https:\/\/cdnoticias.com\/index.php\/2021\/07\/30\/es-como-si-la-vida-de-nuestros-hijos-no-valiera-un-peso\/","title":{"rendered":"\u201cEs como si la vida de nuestros hijos no valiera un peso\u201d"},"content":{"rendered":"<p>Con una treintena de manifestantes, familiares de Enzo Marconi y otras v\u00edctimas de hechos de inseguridad en Olavarr\u00eda se manifestaron pidiendo Justicia: \u201cOlavarr\u00eda est\u00e1 cada vez m\u00e1s insegura, nadie mira, todos hacen o\u00eddos sordos\u201d dijo Yesica Salguero.\u00a0\u00a0<!--more--><\/p>\n<hr \/>\n<p>En la ma\u00f1ana de este viernes, <strong>una treintena de personas (la mayor\u00eda familiares y amigos de v\u00edctimas de hechos de inseguridad y tr\u00e1nsito en Olavarr\u00eda) se movilizaron por el centro de la ciudad para pedir Justicia y celeridad en los avances de las causas.<\/strong><\/p>\n<p>&nbsp;<\/p>\n<p>La actividad fue encabezada por <strong>Yesica Salguero, mam\u00e1 de Enzo Marconi, quien muri\u00f3 en febrero de 2020 por un disparo presuntamente accidental.<\/strong> En la marcha, Salguero confirm\u00f3 que se fue de la ciudad por \u201camenazas\u201d producto del caso y que qued\u00f3 \u201cdesamparada\u201d sin respuestas de la Justicia.<\/p>\n<p>&nbsp;<\/p>\n<p><img data-recalc-dims=\"1\" loading=\"lazy\" decoding=\"async\" class=\"alignnone size-large wp-image-28066\" src=\"https:\/\/i0.wp.com\/cdnoticias.com\/wp-content\/uploads\/2021\/07\/WhatsApp-Image-2021-07-30-at-11.21.26.jpeg?resize=800%2C600&#038;ssl=1\" alt=\"\" width=\"800\" height=\"600\" srcset=\"https:\/\/i0.wp.com\/cdnoticias.com\/wp-content\/uploads\/2021\/07\/WhatsApp-Image-2021-07-30-at-11.21.26.jpeg?resize=1024%2C768&amp;ssl=1 1024w, https:\/\/i0.wp.com\/cdnoticias.com\/wp-content\/uploads\/2021\/07\/WhatsApp-Image-2021-07-30-at-11.21.26.jpeg?resize=300%2C225&amp;ssl=1 300w, https:\/\/i0.wp.com\/cdnoticias.com\/wp-content\/uploads\/2021\/07\/WhatsApp-Image-2021-07-30-at-11.21.26.jpeg?resize=768%2C576&amp;ssl=1 768w, https:\/\/i0.wp.com\/cdnoticias.com\/wp-content\/uploads\/2021\/07\/WhatsApp-Image-2021-07-30-at-11.21.26.jpeg?w=1600&amp;ssl=1 1600w\" sizes=\"auto, (max-width: 800px) 100vw, 800px\" \/><\/p>\n<p>&nbsp;<\/p>\n<p>En un peque\u00f1o di\u00e1logo con los medios previo a recorrer las calles de la ciudad, Salguero se\u00f1al\u00f3 que la convocatoria fue <em>\u201ca todas las familias que est\u00e1n sufriendo el mismo dolor, que sufrimos la misma p\u00e9rdida, de diferentes maneras, pero el dolor es el mismo\u201d.<\/em><\/p>\n<p>&nbsp;<\/p>\n<p><em>\u201cEn el caso nuestro fue un arma, en otros casos fue la polic\u00eda, un accidente de tr\u00e1nsito, que tristemente hasta el d\u00eda de hoy est\u00e1n impunes\u201d.<\/em> Dej\u00f3 en claro que <strong><em>\u201cvamos a seguir pidiendo Justicia, pese a que hoy no estoy viviendo en mi ciudad voy a seguir el caso, el de Enzo y todos los casos. Repudio c\u00f3mo se han manejado: los casos est\u00e1n en la nada\u201d.<\/em><\/strong><\/p>\n<p>&nbsp;<\/p>\n<p><img data-recalc-dims=\"1\" loading=\"lazy\" decoding=\"async\" class=\"alignnone size-large wp-image-28065\" src=\"https:\/\/i0.wp.com\/cdnoticias.com\/wp-content\/uploads\/2021\/07\/WhatsApp-Image-2021-07-30-at-11.22.50.jpeg?resize=800%2C600&#038;ssl=1\" alt=\"\" width=\"800\" height=\"600\" srcset=\"https:\/\/i0.wp.com\/cdnoticias.com\/wp-content\/uploads\/2021\/07\/WhatsApp-Image-2021-07-30-at-11.22.50.jpeg?resize=1024%2C768&amp;ssl=1 1024w, https:\/\/i0.wp.com\/cdnoticias.com\/wp-content\/uploads\/2021\/07\/WhatsApp-Image-2021-07-30-at-11.22.50.jpeg?resize=300%2C225&amp;ssl=1 300w, https:\/\/i0.wp.com\/cdnoticias.com\/wp-content\/uploads\/2021\/07\/WhatsApp-Image-2021-07-30-at-11.22.50.jpeg?resize=768%2C576&amp;ssl=1 768w, https:\/\/i0.wp.com\/cdnoticias.com\/wp-content\/uploads\/2021\/07\/WhatsApp-Image-2021-07-30-at-11.22.50.jpeg?w=1600&amp;ssl=1 1600w\" sizes=\"auto, (max-width: 800px) 100vw, 800px\" \/><\/p>\n<p>&nbsp;<\/p>\n<p>Fue contundente al indicar que <strong><em>\u201ces como si la vida de nuestros hijos, nietos, sobrinos y familiares no valieran un peso para los pol\u00edticos y nuestra ciudad\u201d.<\/em> <\/strong>Salguero aprovech\u00f3 para hacer un balance y criticar a la dirigencia pol\u00edtica dado que <em>\u201cOlavarr\u00eda est\u00e1 cada vez m\u00e1s insegura, nadie mira, todos hacen o\u00eddos sordos y mira a un costado\u201d.<\/em><\/p>\n<p>&nbsp;<\/p>\n<blockquote><p>\u201c\u00bfC\u00f3mo puede ser que una persona circulando en moto haya un disparo y no haya detenidos? \u00bfC\u00f3mo puede ser que atropellen a una nena y por ser un adulto mayor el conductor ni siquiera tenga arresto domiciliario, ni le saquen el carnet y siga circulando? \u00bfC\u00f3mo puede ser el caso de Graciela, pidiendo Justicia hace 17 a\u00f1os y no tenga respuesta? Lo que quiero es que no pase m\u00e1s esto en Olavarr\u00eda\u201d.<\/p><\/blockquote>\n<p>&nbsp;<\/p>\n<p><em>\u201cNo quiero que haya m\u00e1s Enzos, Micol, Esteban, basta, que nos dejen de matar\u201d<\/em> agreg\u00f3 la mam\u00e1 de Enzo.<\/p>\n<p>&nbsp;<\/p>\n<p>Admiti\u00f3 que, por el caso de su hijo,<em> \u201cnos tuvimos que ir de Olavarr\u00eda por amenazas, irnos, es algo incre\u00edble. La UFI N\u00b0 4 nos dio la espalda\u201d<\/em> denunci\u00f3. <em>\u201cLa gente est\u00e1 muy descuidada y hay cada vez m\u00e1s inseguridad\u201d<\/em> insisti\u00f3.<\/p>\n<p>&nbsp;<\/p>\n<p><img data-recalc-dims=\"1\" loading=\"lazy\" decoding=\"async\" class=\"alignnone size-large wp-image-28063\" src=\"https:\/\/i0.wp.com\/cdnoticias.com\/wp-content\/uploads\/2021\/07\/WhatsApp-Image-2021-07-30-at-11.30.30.jpeg?resize=800%2C600&#038;ssl=1\" alt=\"\" width=\"800\" height=\"600\" srcset=\"https:\/\/i0.wp.com\/cdnoticias.com\/wp-content\/uploads\/2021\/07\/WhatsApp-Image-2021-07-30-at-11.30.30.jpeg?resize=1024%2C768&amp;ssl=1 1024w, https:\/\/i0.wp.com\/cdnoticias.com\/wp-content\/uploads\/2021\/07\/WhatsApp-Image-2021-07-30-at-11.30.30.jpeg?resize=300%2C225&amp;ssl=1 300w, https:\/\/i0.wp.com\/cdnoticias.com\/wp-content\/uploads\/2021\/07\/WhatsApp-Image-2021-07-30-at-11.30.30.jpeg?resize=768%2C576&amp;ssl=1 768w, https:\/\/i0.wp.com\/cdnoticias.com\/wp-content\/uploads\/2021\/07\/WhatsApp-Image-2021-07-30-at-11.30.30.jpeg?w=1600&amp;ssl=1 1600w\" sizes=\"auto, (max-width: 800px) 100vw, 800px\" \/><\/p>\n<p>&nbsp;<\/p>\n<p>Critic\u00f3 a la Justicia por ser<em> \u201ctristemente lenta. Hay condenas que son extensas y la Justicia no las aplica. Queremos leyes m\u00e1s fuertes para los asesinos u homicidas, y <strong>no tengan m\u00e1s leyes los asesinos que nosotros que somos las v\u00edctimas que perdimos a nuestros seres queridos y quedamos desamparados<\/strong>\u201d.<\/em><\/p>\n<p>&nbsp;<\/p>\n<p>Y profundiz\u00f3 su cuestionamiento:<em> \u201csi uno no tiene dinero, no tiene amigos en el poder, ni tiene influencias tristemente queda todo en la nada. <strong>La vida de un hijo no vali\u00f3 nada. Si hay para pagar un buen abogado todo se resuelve, sino, te dejan tirado<\/strong>\u201d.<\/em><\/p>\n<p>&nbsp;<\/p>\n<p><img data-recalc-dims=\"1\" loading=\"lazy\" decoding=\"async\" class=\"alignnone size-large wp-image-28062\" src=\"https:\/\/i0.wp.com\/cdnoticias.com\/wp-content\/uploads\/2021\/07\/WhatsApp-Image-2021-07-30-at-11.34.06.jpeg?resize=800%2C600&#038;ssl=1\" alt=\"\" width=\"800\" height=\"600\" srcset=\"https:\/\/i0.wp.com\/cdnoticias.com\/wp-content\/uploads\/2021\/07\/WhatsApp-Image-2021-07-30-at-11.34.06.jpeg?resize=1024%2C768&amp;ssl=1 1024w, https:\/\/i0.wp.com\/cdnoticias.com\/wp-content\/uploads\/2021\/07\/WhatsApp-Image-2021-07-30-at-11.34.06.jpeg?resize=300%2C225&amp;ssl=1 300w, https:\/\/i0.wp.com\/cdnoticias.com\/wp-content\/uploads\/2021\/07\/WhatsApp-Image-2021-07-30-at-11.34.06.jpeg?resize=768%2C576&amp;ssl=1 768w, https:\/\/i0.wp.com\/cdnoticias.com\/wp-content\/uploads\/2021\/07\/WhatsApp-Image-2021-07-30-at-11.34.06.jpeg?w=1600&amp;ssl=1 1600w\" sizes=\"auto, (max-width: 800px) 100vw, 800px\" \/><\/p>\n<p>&nbsp;<\/p>\n<p>Posterior al di\u00e1logo con los medios, tanto Yesica Salguero como Graciela Alderete, familiares de Micol Calandra, de Mat\u00edas R\u00edos Duarte y otros familiares de v\u00edctimas de hechos fatales en Olavarr\u00eda recorrieron las calles, mostrando las caras de sus hijos, sobrinos, nietos y amigos.<\/p>\n","protected":false},"excerpt":{"rendered":"<p>Con una treintena de manifestantes, familiares de Enzo Marconi y otras v\u00edctimas de hechos de inseguridad en Olavarr\u00eda se manifestaron<\/p>\n","protected":false},"author":4,"featured_media":28069,"comment_status":"closed","ping_status":"closed","sticky":false,"template":"","format":"standard","meta":{"_jetpack_memberships_contains_paid_content":false,"footnotes":""},"categories":[14,1],"tags":[],"class_list":["post-28061","post","type-post","status-publish","format-standard","has-post-thumbnail","hentry","category-policiales","category-portada"],"jetpack_featured_media_url":"https:\/\/i0.wp.com\/cdnoticias.com\/wp-content\/uploads\/2021\/07\/WhatsApp-Image-2021-07-30-at-11.16.50.jpeg?fit=1600%2C1200&ssl=1","jetpack_sharing_enabled":true,"_links":{"self":[{"href":"https:\/\/cdnoticias.com\/index.php\/wp-json\/wp\/v2\/posts\/28061","targetHints":{"allow":["GET"]}}],"collection":[{"href":"https:\/\/cdnoticias.com\/index.php\/wp-json\/wp\/v2\/posts"}],"about":[{"href":"https:\/\/cdnoticias.com\/index.php\/wp-json\/wp\/v2\/types\/post"}],"author":[{"embeddable":true,"href":"https:\/\/cdnoticias.com\/index.php\/wp-json\/wp\/v2\/users\/4"}],"replies":[{"embeddable":true,"href":"https:\/\/cdnoticias.com\/index.php\/wp-json\/wp\/v2\/comments?post=28061"}],"version-history":[{"count":0,"href":"https:\/\/cdnoticias.com\/index.php\/wp-json\/wp\/v2\/posts\/28061\/revisions"}],"wp:featuredmedia":[{"embeddable":true,"href":"https:\/\/cdnoticias.com\/index.php\/wp-json\/wp\/v2\/media\/28069"}],"wp:attachment":[{"href":"https:\/\/cdnoticias.com\/index.php\/wp-json\/wp\/v2\/media?parent=28061"}],"wp:term":[{"taxonomy":"category","embeddable":true,"href":"https:\/\/cdnoticias.com\/index.php\/wp-json\/wp\/v2\/categories?post=28061"},{"taxonomy":"post_tag","embeddable":true,"href":"https:\/\/cdnoticias.com\/index.php\/wp-json\/wp\/v2\/tags?post=28061"}],"curies":[{"name":"wp","href":"https:\/\/api.w.org\/{rel}","templated":true}]}}