{"id":28057,"date":"2021-07-30T11:15:55","date_gmt":"2021-07-30T14:15:55","guid":{"rendered":"http:\/\/www.centraldenoticias.com.ar\/?p=28057"},"modified":"2021-07-30T12:02:06","modified_gmt":"2021-07-30T15:02:06","slug":"tokio-2020-de-la-vega-y-vernice-juntos-en-la-villa-olimpica","status":"publish","type":"post","link":"https:\/\/cdnoticias.com\/index.php\/2021\/07\/30\/tokio-2020-de-la-vega-y-vernice-juntos-en-la-villa-olimpica\/","title":{"rendered":"Tokio 2020: De la Vega y Vernice juntos en la Villa Ol\u00edmpica"},"content":{"rendered":"<p>Agust\u00edn Vernice y Pedro De la Vega se encontraron en la Villa Ol\u00edmpica de Tokio donde los dos se encuentran representando a la delegaci\u00f3n argentina en los Juegos Ol\u00edmpicos.\u00a0<!--more--><\/p>\n<hr \/>\n<p>Los dos deportistas olavarrienses que se encuentran en los Jap\u00f3n en la cita m\u00e1s importante del deporte mundial y lograron retratar el momento que se juntaron en la Villa Ol\u00edmpica.<\/p>\n<p>&nbsp;<\/p>\n<p><a href=\"http:\/\/centraldeportes.com.ar\/de-olavarria-pa-de-la-vega-y-vernice-juntos-en-la-villa-olimpica\/\" target=\"_blank\" rel=\"noopener\">\u00bfQuer\u00e9s leer la nota completa? \u00a1Visit\u00e1 www.centraldeportes.com.ar!\u00a0<\/a><\/p>\n<p>&nbsp;<\/p>\n<p><img data-recalc-dims=\"1\" loading=\"lazy\" decoding=\"async\" class=\"alignnone size-large wp-image-28058\" src=\"https:\/\/i0.wp.com\/cdnoticias.com\/wp-content\/uploads\/2021\/07\/WhatsApp-Image-2021-07-30-at-11.08.43.jpeg?resize=734%2C1024&#038;ssl=1\" alt=\"\" width=\"734\" height=\"1024\" srcset=\"https:\/\/i0.wp.com\/cdnoticias.com\/wp-content\/uploads\/2021\/07\/WhatsApp-Image-2021-07-30-at-11.08.43.jpeg?resize=734%2C1024&amp;ssl=1 734w, https:\/\/i0.wp.com\/cdnoticias.com\/wp-content\/uploads\/2021\/07\/WhatsApp-Image-2021-07-30-at-11.08.43.jpeg?resize=215%2C300&amp;ssl=1 215w, https:\/\/i0.wp.com\/cdnoticias.com\/wp-content\/uploads\/2021\/07\/WhatsApp-Image-2021-07-30-at-11.08.43.jpeg?resize=768%2C1072&amp;ssl=1 768w, https:\/\/i0.wp.com\/cdnoticias.com\/wp-content\/uploads\/2021\/07\/WhatsApp-Image-2021-07-30-at-11.08.43.jpeg?w=778&amp;ssl=1 778w\" sizes=\"auto, (max-width: 734px) 100vw, 734px\" \/><\/p>\n","protected":false},"excerpt":{"rendered":"<p>Agust\u00edn Vernice y Pedro De la Vega se encontraron en la Villa Ol\u00edmpica de Tokio donde los dos se encuentran<\/p>\n","protected":false},"author":4,"featured_media":28059,"comment_status":"closed","ping_status":"closed","sticky":false,"template":"","format":"standard","meta":{"_jetpack_memberships_contains_paid_content":false,"footnotes":""},"categories":[5,1],"tags":[],"class_list":["post-28057","post","type-post","status-publish","format-standard","has-post-thumbnail","hentry","category-informacion-general","category-portada"],"jetpack_featured_media_url":"https:\/\/i0.wp.com\/cdnoticias.com\/wp-content\/uploads\/2021\/07\/WhatsApp-Image-2021-07-30-at-11.08.45.jpeg?fit=800%2C445&ssl=1","jetpack_sharing_enabled":true,"_links":{"self":[{"href":"https:\/\/cdnoticias.com\/index.php\/wp-json\/wp\/v2\/posts\/28057","targetHints":{"allow":["GET"]}}],"collection":[{"href":"https:\/\/cdnoticias.com\/index.php\/wp-json\/wp\/v2\/posts"}],"about":[{"href":"https:\/\/cdnoticias.com\/index.php\/wp-json\/wp\/v2\/types\/post"}],"author":[{"embeddable":true,"href":"https:\/\/cdnoticias.com\/index.php\/wp-json\/wp\/v2\/users\/4"}],"replies":[{"embeddable":true,"href":"https:\/\/cdnoticias.com\/index.php\/wp-json\/wp\/v2\/comments?post=28057"}],"version-history":[{"count":0,"href":"https:\/\/cdnoticias.com\/index.php\/wp-json\/wp\/v2\/posts\/28057\/revisions"}],"wp:featuredmedia":[{"embeddable":true,"href":"https:\/\/cdnoticias.com\/index.php\/wp-json\/wp\/v2\/media\/28059"}],"wp:attachment":[{"href":"https:\/\/cdnoticias.com\/index.php\/wp-json\/wp\/v2\/media?parent=28057"}],"wp:term":[{"taxonomy":"category","embeddable":true,"href":"https:\/\/cdnoticias.com\/index.php\/wp-json\/wp\/v2\/categories?post=28057"},{"taxonomy":"post_tag","embeddable":true,"href":"https:\/\/cdnoticias.com\/index.php\/wp-json\/wp\/v2\/tags?post=28057"}],"curies":[{"name":"wp","href":"https:\/\/api.w.org\/{rel}","templated":true}]}}