{"id":28020,"date":"2021-07-29T20:45:18","date_gmt":"2021-07-29T23:45:18","guid":{"rendered":"http:\/\/www.centraldenoticias.com.ar\/?p=28020"},"modified":"2021-07-29T20:46:36","modified_gmt":"2021-07-29T23:46:36","slug":"este-jueves-vacunaron-a-mas-de-200-persona-contra-el-covid19","status":"publish","type":"post","link":"https:\/\/cdnoticias.com\/index.php\/2021\/07\/29\/este-jueves-vacunaron-a-mas-de-200-persona-contra-el-covid19\/","title":{"rendered":"Este jueves vacunaron a m\u00e1s de 200 personas contra el Covid19"},"content":{"rendered":"<p>Se recuerda que aquellas personas mayores de 18 a\u00f1os pueden acercarse a cualquier posta de vacunaci\u00f3n y recibir la primera dosis presentando \u00fanicamente el DNI.<!--more--><\/p>\n<hr \/>\n<p>Avanza el Plan Provincial de Vacunaci\u00f3n en Olavarr\u00eda y en ese marco m\u00e1s de 200 personas recibieron este jueves su dosis contra el Covid19. Lo relevante es que a varias de ellas le fue aplicado el segundo componente, lo que <strong>permiti\u00f3 completar el esquema contra el Coronavirus.<\/strong><\/p>\n<p>&nbsp;<\/p>\n<p>De acuerdo con lo que se detall\u00f3 desde Regi\u00f3n Sanitaria IX,\u00a0\u00a0se aplicaron 54 primeras dosis en el Servicio Territorial N\u00b02, en el Centro Cultural Universitario 44 personas fueron vacunadas con primer componente, 122 vecinos y vecinas fueron inoculados con primeras dosis y 25 con segundo componente en la Facultad de Ciencias de la Salud, y en la Mutual Carlos Alberto Moreno de Suteba 24 asistentes recibieron la primer dosis. <strong>En total se aplicaron 269 dosis.<\/strong><\/p>\n<p>&nbsp;<\/p>\n<blockquote><p>Los interesados en vacunarse podr\u00e1n asistir a las postas de vacunaci\u00f3n ubicadas en: Servicio Territorial N\u00b02, Av. Alberdi 2543, de 8 a 18 hs; Facultad de Ciencias de la Salud, Pringles 4375, de 8 a 18 hs; Centro Cultural Universitario, San Martin 1955, de 8 a 18 hs; y Mutual Carlos Alberto Moreno de Suteba, Collinet 4544, de 8 a 16 hs.<\/p><\/blockquote>\n<p>&nbsp;<\/p>\n<p>Por otra parte, <strong>contin\u00faa la vacunaci\u00f3n libre a mayores de 18 a\u00f1os<\/strong> que acrediten domicilio en la localidad present\u00e1ndose con su DNI en cualquiera de las postas, y los mayores de 12 a\u00f1os tambi\u00e9n pueden inscribirse en la <a href=\"http:\/\/www.vacunatepba.gba.gob.ar\" target=\"_blank\" rel=\"noopener\">p\u00e1gina oficial<\/a> para obtener el turno correspondiente y recibir la primera dosis.<\/p>\n<p>&nbsp;<\/p>\n<p>Se recuerda que<strong> la aplicaci\u00f3n de segundos componentes es \u00fanicamente por turnos<\/strong>, por lo que se le pide a los vecinos y vecinas que est\u00e9n atentos a las notificaciones que se env\u00edan desde el Ministerio de Salud provincial.<\/p>\n","protected":false},"excerpt":{"rendered":"<p>Se recuerda que aquellas personas mayores de 18 a\u00f1os pueden acercarse a cualquier posta de vacunaci\u00f3n y recibir la primera<\/p>\n","protected":false},"author":3,"featured_media":24912,"comment_status":"closed","ping_status":"closed","sticky":false,"template":"","format":"standard","meta":{"_jetpack_memberships_contains_paid_content":false,"footnotes":""},"categories":[16],"tags":[],"class_list":["post-28020","post","type-post","status-publish","format-standard","has-post-thumbnail","hentry","category-covid-19"],"jetpack_featured_media_url":"https:\/\/i0.wp.com\/cdnoticias.com\/wp-content\/uploads\/2021\/06\/WhatsApp-Image-2021-06-24-at-19.56.03.jpeg?fit=1280%2C785&ssl=1","jetpack_sharing_enabled":true,"_links":{"self":[{"href":"https:\/\/cdnoticias.com\/index.php\/wp-json\/wp\/v2\/posts\/28020","targetHints":{"allow":["GET"]}}],"collection":[{"href":"https:\/\/cdnoticias.com\/index.php\/wp-json\/wp\/v2\/posts"}],"about":[{"href":"https:\/\/cdnoticias.com\/index.php\/wp-json\/wp\/v2\/types\/post"}],"author":[{"embeddable":true,"href":"https:\/\/cdnoticias.com\/index.php\/wp-json\/wp\/v2\/users\/3"}],"replies":[{"embeddable":true,"href":"https:\/\/cdnoticias.com\/index.php\/wp-json\/wp\/v2\/comments?post=28020"}],"version-history":[{"count":0,"href":"https:\/\/cdnoticias.com\/index.php\/wp-json\/wp\/v2\/posts\/28020\/revisions"}],"wp:featuredmedia":[{"embeddable":true,"href":"https:\/\/cdnoticias.com\/index.php\/wp-json\/wp\/v2\/media\/24912"}],"wp:attachment":[{"href":"https:\/\/cdnoticias.com\/index.php\/wp-json\/wp\/v2\/media?parent=28020"}],"wp:term":[{"taxonomy":"category","embeddable":true,"href":"https:\/\/cdnoticias.com\/index.php\/wp-json\/wp\/v2\/categories?post=28020"},{"taxonomy":"post_tag","embeddable":true,"href":"https:\/\/cdnoticias.com\/index.php\/wp-json\/wp\/v2\/tags?post=28020"}],"curies":[{"name":"wp","href":"https:\/\/api.w.org\/{rel}","templated":true}]}}