{"id":2802,"date":"2020-09-29T21:55:59","date_gmt":"2020-09-30T00:55:59","guid":{"rendered":"http:\/\/www.centraldenoticias.com.ar\/?p=2802"},"modified":"2020-09-30T08:51:08","modified_gmt":"2020-09-30T11:51:08","slug":"estamos-mas-tranquilos-lo-tenemos-en-casa","status":"publish","type":"post","link":"https:\/\/cdnoticias.com\/index.php\/2020\/09\/29\/estamos-mas-tranquilos-lo-tenemos-en-casa\/","title":{"rendered":"\u201cEstamos m\u00e1s tranquilos, lo tenemos en casa\u201d"},"content":{"rendered":"<p>&nbsp;<\/p>\n<p>As\u00ed lo asegur\u00f3 M\u00f3nica, la esposa de Jorge Fritz, a Central de Noticias. Este martes, allegados al camionero que estuvo detenido en Formosa, se concentraron en ruta nacional 226 y avenida Pringles. Fue recibido con aplausos y bocinazos, y acompa\u00f1ado en caravana en el regreso a la ciudad.<!--more--><\/p>\n<hr \/>\n<p>Jorge Fritz, el camionero olavarriense que estuvo detenido 15 d\u00edas en Formosa, fue recibido por un numeroso grupo de familiares y amigos que se congregaron en ruta nacional 226 y avenida Pringles. <strong>Cerca de las 21:30 arrib\u00f3 a nuestra ciudad y el recibimiento de su familia no se hizo esperar, entre l\u00e1grimas, aplausos y bocinazos.<\/strong><\/p>\n<p>&nbsp;<\/p>\n<p><em>\u201cEstamos m\u00e1s tranquilos, lo tenemos en casa. Vamos a ver qu\u00e9 tiene para contarnos, qu\u00e9 sinti\u00f3. Nosotros nos sentimos muy mal, no dormimos, la cabeza a mil porque no sab\u00e9s qu\u00e9 es lo que est\u00e1 pasando y por qu\u00e9\u201d<\/em>, <strong>cont\u00f3 M\u00f3nica a Central de Noticias<\/strong>, minutos antes del arribo de su esposo.<\/p>\n<p>&nbsp;<\/p>\n<p>Record\u00f3 los duros momentos que debieron atravesar luego de conocer la noticia de que<a href=\"https:\/\/cdnoticias.com\/index.php\/2020\/09\/24\/desesperado-pedido-de-una-familia-olavarriense-por-un-camionero-detenido-en-formosa\/\" target=\"_blank\" rel=\"noopener\"> el 11 de septiembre Fritz fue detenido acusado de haber violado el aislamiento social preventivo y obligatorio al descender de su cami\u00f3n en Formosa.<\/a><\/p>\n<p>&nbsp;<\/p>\n<p><img data-recalc-dims=\"1\" loading=\"lazy\" decoding=\"async\" class=\"alignnone size-large wp-image-2805\" src=\"https:\/\/i0.wp.com\/cdnoticias.com\/wp-content\/uploads\/2020\/09\/recibimiento04.jpg?resize=800%2C450&#038;ssl=1\" alt=\"\" width=\"800\" height=\"450\" srcset=\"https:\/\/i0.wp.com\/cdnoticias.com\/wp-content\/uploads\/2020\/09\/recibimiento04.jpg?resize=1024%2C576&amp;ssl=1 1024w, https:\/\/i0.wp.com\/cdnoticias.com\/wp-content\/uploads\/2020\/09\/recibimiento04.jpg?resize=300%2C169&amp;ssl=1 300w, https:\/\/i0.wp.com\/cdnoticias.com\/wp-content\/uploads\/2020\/09\/recibimiento04.jpg?resize=768%2C432&amp;ssl=1 768w, https:\/\/i0.wp.com\/cdnoticias.com\/wp-content\/uploads\/2020\/09\/recibimiento04.jpg?w=1152&amp;ssl=1 1152w\" sizes=\"auto, (max-width: 800px) 100vw, 800px\" \/><\/p>\n<p>&nbsp;<\/p>\n<p>Desde su parte se explic\u00f3 que lo hizo para controlar la lona y el acoplado, algo que la polic\u00eda del norte del pa\u00eds nunca le crey\u00f3 y por eso lo detuvo, adem\u00e1s de iniciarle una causa, precisamente, por violar la cuarentena.<\/p>\n<p>&nbsp;<\/p>\n<p>La <a href=\"https:\/\/cdnoticias.com\/index.php\/2020\/09\/27\/estuve-preso-en-un-calabozo-con-rejas-y-candado\/\" target=\"_blank\" rel=\"noopener\">liberaci\u00f3n del transportista olavarriense<\/a> se produjo en el inicio de la tarde del pasado s\u00e1bado, y este martes por la noche arrib\u00f3 a Olavarr\u00eda.<\/p>\n<p>&nbsp;<\/p>\n<p><img data-recalc-dims=\"1\" loading=\"lazy\" decoding=\"async\" class=\"alignnone size-large wp-image-2804\" src=\"https:\/\/i0.wp.com\/cdnoticias.com\/wp-content\/uploads\/2020\/09\/recibimiento03.jpg?resize=800%2C600&#038;ssl=1\" alt=\"\" width=\"800\" height=\"600\" srcset=\"https:\/\/i0.wp.com\/cdnoticias.com\/wp-content\/uploads\/2020\/09\/recibimiento03.jpg?resize=1024%2C768&amp;ssl=1 1024w, https:\/\/i0.wp.com\/cdnoticias.com\/wp-content\/uploads\/2020\/09\/recibimiento03.jpg?resize=300%2C225&amp;ssl=1 300w, https:\/\/i0.wp.com\/cdnoticias.com\/wp-content\/uploads\/2020\/09\/recibimiento03.jpg?resize=768%2C576&amp;ssl=1 768w, https:\/\/i0.wp.com\/cdnoticias.com\/wp-content\/uploads\/2020\/09\/recibimiento03.jpg?w=1152&amp;ssl=1 1152w\" sizes=\"auto, (max-width: 800px) 100vw, 800px\" \/><\/p>\n<p>&nbsp;<\/p>\n<p><strong><em>\u201cFue su cumplea\u00f1os, no estaba en casa. Lo vamos a contener y a mimar, trataremos de que se tranquilice porque debe venir con toda esa carga\u201d<\/em><\/strong>, indic\u00f3 su esposa y aprovech\u00f3 para agradecer el apoyo recibido.<\/p>\n<p>&nbsp;<\/p>\n<p><em>\u201cNunca fue intenci\u00f3n nuestra causar tanto revuelo. Creo que la gente se identific\u00f3, creo que fue un tema de empat\u00eda\u201d<\/em>, asegur\u00f3 y resalt\u00f3: <strong><em>\u201clo \u00fanico que quiero es limpiar el nombre de mi esposo\u201d.<\/em><\/strong><\/p>\n","protected":false},"excerpt":{"rendered":"<p>&nbsp; As\u00ed lo asegur\u00f3 M\u00f3nica, la esposa de Jorge Fritz, a Central de Noticias. Este martes, allegados al camionero que<\/p>\n","protected":false},"author":5,"featured_media":2803,"comment_status":"closed","ping_status":"closed","sticky":false,"template":"","format":"standard","meta":{"_jetpack_memberships_contains_paid_content":false,"footnotes":""},"categories":[5,1],"tags":[],"class_list":["post-2802","post","type-post","status-publish","format-standard","has-post-thumbnail","hentry","category-informacion-general","category-portada"],"jetpack_featured_media_url":"https:\/\/i0.wp.com\/cdnoticias.com\/wp-content\/uploads\/2020\/09\/recibimiento02.jpg?fit=1152%2C864&ssl=1","jetpack_sharing_enabled":true,"_links":{"self":[{"href":"https:\/\/cdnoticias.com\/index.php\/wp-json\/wp\/v2\/posts\/2802","targetHints":{"allow":["GET"]}}],"collection":[{"href":"https:\/\/cdnoticias.com\/index.php\/wp-json\/wp\/v2\/posts"}],"about":[{"href":"https:\/\/cdnoticias.com\/index.php\/wp-json\/wp\/v2\/types\/post"}],"author":[{"embeddable":true,"href":"https:\/\/cdnoticias.com\/index.php\/wp-json\/wp\/v2\/users\/5"}],"replies":[{"embeddable":true,"href":"https:\/\/cdnoticias.com\/index.php\/wp-json\/wp\/v2\/comments?post=2802"}],"version-history":[{"count":0,"href":"https:\/\/cdnoticias.com\/index.php\/wp-json\/wp\/v2\/posts\/2802\/revisions"}],"wp:featuredmedia":[{"embeddable":true,"href":"https:\/\/cdnoticias.com\/index.php\/wp-json\/wp\/v2\/media\/2803"}],"wp:attachment":[{"href":"https:\/\/cdnoticias.com\/index.php\/wp-json\/wp\/v2\/media?parent=2802"}],"wp:term":[{"taxonomy":"category","embeddable":true,"href":"https:\/\/cdnoticias.com\/index.php\/wp-json\/wp\/v2\/categories?post=2802"},{"taxonomy":"post_tag","embeddable":true,"href":"https:\/\/cdnoticias.com\/index.php\/wp-json\/wp\/v2\/tags?post=2802"}],"curies":[{"name":"wp","href":"https:\/\/api.w.org\/{rel}","templated":true}]}}