{"id":28007,"date":"2021-07-29T17:15:53","date_gmt":"2021-07-29T20:15:53","guid":{"rendered":"http:\/\/www.centraldenoticias.com.ar\/?p=28007"},"modified":"2021-07-29T18:47:07","modified_gmt":"2021-07-29T21:47:07","slug":"diputados-destacan-el-proyecto-de-etiquetado-frontal-de-alimentos","status":"publish","type":"post","link":"https:\/\/cdnoticias.com\/index.php\/2021\/07\/29\/diputados-destacan-el-proyecto-de-etiquetado-frontal-de-alimentos\/","title":{"rendered":"Diputados destacan el proyecto de Etiquetado Frontal de Alimentos"},"content":{"rendered":"<p>Busca la promoci\u00f3n de la alimentaci\u00f3n saludable, mediante un etiquetado informativo y visible que advierta sobre los excesos de az\u00facares, sodio, grasas saturadas, grasas totales y calor\u00edas.<!--more--><\/p>\n<hr \/>\n<p>La iniciativa, que viene del Senado, podr\u00e1 ser tratada en el recinto pr\u00f3ximamente tras haber recibido dictamen de un plenario de las comisiones de <strong>Legislaci\u00f3n General; Acci\u00f3n Social y Salud P\u00fablica; Defensa del Consumidor, del Usuario y de la Competencia; y de Industria.<\/strong><\/p>\n<p>&nbsp;<\/p>\n<p>El proyecto busca la<strong> promoci\u00f3n de la alimentaci\u00f3n saludable<\/strong>, mediante un etiquetado informativo y visible que advierta sobre los excesos de az\u00facares, sodio, grasas saturadas, grasas totales y calor\u00edas en los productos alimenticios.<\/p>\n<p>&nbsp;<\/p>\n<div class=\"jetpack-video-wrapper\"><iframe loading=\"lazy\" width=\"800\" height=\"450\" src=\"https:\/\/www.youtube.com\/embed\/s6gUrPkeEk4?feature=oembed\" frameborder=\"0\" allow=\"accelerometer; autoplay; clipboard-write; encrypted-media; gyroscope; picture-in-picture\" allowfullscreen><\/iframe><\/div>\n<p>&nbsp;<\/p>\n<p>Diputados de distintos bloques resaltaron la medida. <strong>Jos\u00e9 Luis Ram\u00f3n, de Unidad y Equidad Federal<\/strong>, asegur\u00f3: <em>\u201cLa Ley de Etiquetado Frontal es de vital importancia porque, en materia de derecho para el consumidor, quien provee un producto tiene que garantizar seguridad, el cuidado de la salud y entregar la informaci\u00f3n veraz&#8221;.<\/em><\/p>\n<p>&nbsp;<\/p>\n<p>&nbsp;<\/p>\n<p><img data-recalc-dims=\"1\" loading=\"lazy\" decoding=\"async\" class=\"alignnone size-full wp-image-28009\" src=\"https:\/\/i0.wp.com\/cdnoticias.com\/wp-content\/uploads\/2021\/07\/diputados02.jpg?resize=800%2C425&#038;ssl=1\" alt=\"\" width=\"800\" height=\"425\" srcset=\"https:\/\/i0.wp.com\/cdnoticias.com\/wp-content\/uploads\/2021\/07\/diputados02.jpg?w=1335&amp;ssl=1 1335w, https:\/\/i0.wp.com\/cdnoticias.com\/wp-content\/uploads\/2021\/07\/diputados02.jpg?resize=300%2C159&amp;ssl=1 300w, https:\/\/i0.wp.com\/cdnoticias.com\/wp-content\/uploads\/2021\/07\/diputados02.jpg?resize=768%2C408&amp;ssl=1 768w, https:\/\/i0.wp.com\/cdnoticias.com\/wp-content\/uploads\/2021\/07\/diputados02.jpg?resize=1024%2C544&amp;ssl=1 1024w\" sizes=\"auto, (max-width: 800px) 100vw, 800px\" \/><\/p>\n<p>&nbsp;<\/p>\n<p>En la misma l\u00ednea, <strong>H\u00e9ctor Stefani, del Pro,<\/strong> consider\u00f3 que la Ley<em> \u201ces un avance\u201d<\/em> e indic\u00f3: \u201c<em>Si pretendemos tener una mejor calidad de vida, es indispensable que empecemos a pensar en comer mejor\u201d.<\/em><\/p>\n","protected":false},"excerpt":{"rendered":"<p>Busca la promoci\u00f3n de la alimentaci\u00f3n saludable, mediante un etiquetado informativo y visible que advierta sobre los excesos de az\u00facares,<\/p>\n","protected":false},"author":5,"featured_media":28008,"comment_status":"closed","ping_status":"closed","sticky":false,"template":"","format":"standard","meta":{"_jetpack_memberships_contains_paid_content":false,"footnotes":""},"categories":[6,1],"tags":[],"class_list":["post-28007","post","type-post","status-publish","format-standard","has-post-thumbnail","hentry","category-nacionales","category-portada"],"jetpack_featured_media_url":"https:\/\/i0.wp.com\/cdnoticias.com\/wp-content\/uploads\/2021\/07\/diputados01.jpg?fit=1331%2C768&ssl=1","jetpack_sharing_enabled":true,"_links":{"self":[{"href":"https:\/\/cdnoticias.com\/index.php\/wp-json\/wp\/v2\/posts\/28007","targetHints":{"allow":["GET"]}}],"collection":[{"href":"https:\/\/cdnoticias.com\/index.php\/wp-json\/wp\/v2\/posts"}],"about":[{"href":"https:\/\/cdnoticias.com\/index.php\/wp-json\/wp\/v2\/types\/post"}],"author":[{"embeddable":true,"href":"https:\/\/cdnoticias.com\/index.php\/wp-json\/wp\/v2\/users\/5"}],"replies":[{"embeddable":true,"href":"https:\/\/cdnoticias.com\/index.php\/wp-json\/wp\/v2\/comments?post=28007"}],"version-history":[{"count":0,"href":"https:\/\/cdnoticias.com\/index.php\/wp-json\/wp\/v2\/posts\/28007\/revisions"}],"wp:featuredmedia":[{"embeddable":true,"href":"https:\/\/cdnoticias.com\/index.php\/wp-json\/wp\/v2\/media\/28008"}],"wp:attachment":[{"href":"https:\/\/cdnoticias.com\/index.php\/wp-json\/wp\/v2\/media?parent=28007"}],"wp:term":[{"taxonomy":"category","embeddable":true,"href":"https:\/\/cdnoticias.com\/index.php\/wp-json\/wp\/v2\/categories?post=28007"},{"taxonomy":"post_tag","embeddable":true,"href":"https:\/\/cdnoticias.com\/index.php\/wp-json\/wp\/v2\/tags?post=28007"}],"curies":[{"name":"wp","href":"https:\/\/api.w.org\/{rel}","templated":true}]}}