{"id":2800,"date":"2020-09-29T18:42:39","date_gmt":"2020-09-29T21:42:39","guid":{"rendered":"http:\/\/www.centraldenoticias.com.ar\/?p=2800"},"modified":"2020-09-29T21:56:15","modified_gmt":"2020-09-30T00:56:15","slug":"covid-19-en-olavarria-este-martes-hubo-41-nuevos-casos","status":"publish","type":"post","link":"https:\/\/cdnoticias.com\/index.php\/2020\/09\/29\/covid-19-en-olavarria-este-martes-hubo-41-nuevos-casos\/","title":{"rendered":"Covid-19 en Olavarr\u00eda: este martes hubo 41 nuevos casos"},"content":{"rendered":"<p>&nbsp;<\/p>\n<p>Los casos corresponden a personal de Seguridad, del Servicio Penitenciario, a nexos con positivos anteriores y se estudia el nexo del 15% de los datos de esta jornada.\u00a0<!--more--><\/p>\n<hr \/>\n<p>&nbsp;<\/p>\n<p>En la jornada de este martes <strong>se registraron 41 nuevos casos de Covid-19 en el Partido de Olavarr\u00eda.<\/strong> Adem\u00e1s, <strong>29 pacientes que recibieron el alta m\u00e9dica<\/strong> y se descartaron 48 casos sospechosos. <strong>El total de pacientes activos es de 280.<\/strong>\u00a0y en el d\u00eda de la fecha se realizaron 89 testeos y m\u00e1s de 4.500 desde el comienzo de la pandemia.<\/p>\n<p>&nbsp;<\/p>\n<p>La secretar\u00eda de Salud del Gobierno Municipal inform\u00f3 que <strong>los casos corresponden a personal de Seguridad, del Servicio Penitenciario, a nexos con positivos anteriores y se estudia el nexo epidemiol\u00f3gico del 15% de los casos de esta jornada.<\/strong><\/p>\n<p>&nbsp;<\/p>\n<p><img data-recalc-dims=\"1\" loading=\"lazy\" decoding=\"async\" class=\"alignnone size-large wp-image-2799\" src=\"https:\/\/i0.wp.com\/cdnoticias.com\/wp-content\/uploads\/2020\/09\/parte-13.jpg?resize=800%2C404&#038;ssl=1\" alt=\"\" width=\"800\" height=\"404\" srcset=\"https:\/\/i0.wp.com\/cdnoticias.com\/wp-content\/uploads\/2020\/09\/parte-13.jpg?resize=1024%2C517&amp;ssl=1 1024w, https:\/\/i0.wp.com\/cdnoticias.com\/wp-content\/uploads\/2020\/09\/parte-13.jpg?resize=300%2C151&amp;ssl=1 300w, https:\/\/i0.wp.com\/cdnoticias.com\/wp-content\/uploads\/2020\/09\/parte-13.jpg?resize=768%2C388&amp;ssl=1 768w, https:\/\/i0.wp.com\/cdnoticias.com\/wp-content\/uploads\/2020\/09\/parte-13.jpg?w=1195&amp;ssl=1 1195w\" sizes=\"auto, (max-width: 800px) 100vw, 800px\" \/><\/p>\n<p>&nbsp;<\/p>\n<p>Sobre el estado actual del Hospital, se indic\u00f3 que hay <strong>8 pacientes en Unidad de Terapia Intensiva<\/strong> (uno de ellos es de la ciudad de Laprida) y<strong> 20 en Cuidados Generales<\/strong> (uno de ellos es residente del Hogar de Adultos Mayores). Adem\u00e1s, se\u00f1alaron que no hay internados en el sector de Pediatr\u00eda.<\/p>\n<p>&nbsp;<\/p>\n<p>En este sentido, desde la Secretar\u00eda de Salud Municipal aseguraron que <strong>el 90% de los casos positivos corresponden a personas con menos de 60 a\u00f1os y el 10% a mayores de 60 a\u00f1os.<\/strong><\/p>\n","protected":false},"excerpt":{"rendered":"<p>&nbsp; Los casos corresponden a personal de Seguridad, del Servicio Penitenciario, a nexos con positivos anteriores y se estudia el<\/p>\n","protected":false},"author":5,"featured_media":509,"comment_status":"closed","ping_status":"closed","sticky":false,"template":"","format":"standard","meta":{"_jetpack_memberships_contains_paid_content":false,"footnotes":""},"categories":[5,1],"tags":[],"class_list":["post-2800","post","type-post","status-publish","format-standard","has-post-thumbnail","hentry","category-informacion-general","category-portada"],"jetpack_featured_media_url":"https:\/\/i0.wp.com\/cdnoticias.com\/wp-content\/uploads\/2020\/09\/HospitalMunicipal.jpg?fit=4608%2C3072&ssl=1","jetpack_sharing_enabled":true,"_links":{"self":[{"href":"https:\/\/cdnoticias.com\/index.php\/wp-json\/wp\/v2\/posts\/2800","targetHints":{"allow":["GET"]}}],"collection":[{"href":"https:\/\/cdnoticias.com\/index.php\/wp-json\/wp\/v2\/posts"}],"about":[{"href":"https:\/\/cdnoticias.com\/index.php\/wp-json\/wp\/v2\/types\/post"}],"author":[{"embeddable":true,"href":"https:\/\/cdnoticias.com\/index.php\/wp-json\/wp\/v2\/users\/5"}],"replies":[{"embeddable":true,"href":"https:\/\/cdnoticias.com\/index.php\/wp-json\/wp\/v2\/comments?post=2800"}],"version-history":[{"count":0,"href":"https:\/\/cdnoticias.com\/index.php\/wp-json\/wp\/v2\/posts\/2800\/revisions"}],"wp:featuredmedia":[{"embeddable":true,"href":"https:\/\/cdnoticias.com\/index.php\/wp-json\/wp\/v2\/media\/509"}],"wp:attachment":[{"href":"https:\/\/cdnoticias.com\/index.php\/wp-json\/wp\/v2\/media?parent=2800"}],"wp:term":[{"taxonomy":"category","embeddable":true,"href":"https:\/\/cdnoticias.com\/index.php\/wp-json\/wp\/v2\/categories?post=2800"},{"taxonomy":"post_tag","embeddable":true,"href":"https:\/\/cdnoticias.com\/index.php\/wp-json\/wp\/v2\/tags?post=2800"}],"curies":[{"name":"wp","href":"https:\/\/api.w.org\/{rel}","templated":true}]}}