{"id":27956,"date":"2021-07-29T10:31:49","date_gmt":"2021-07-29T13:31:49","guid":{"rendered":"http:\/\/www.centraldenoticias.com.ar\/?p=27956"},"modified":"2021-08-02T10:22:39","modified_gmt":"2021-08-02T13:22:39","slug":"el-show-de-piti-fernandez-en-imagenes","status":"publish","type":"post","link":"https:\/\/cdnoticias.com\/index.php\/2021\/07\/29\/el-show-de-piti-fernandez-en-imagenes\/","title":{"rendered":"El show de Piti Fern\u00e1ndez, en im\u00e1genes"},"content":{"rendered":"<p>En la mirada de Danisa Jaime, el frontman de Las Pastillas del Abuelo estuvo en Olavarr\u00eda en su versi\u00f3n solista, con un repaso de sus temas propios, cl\u00e1sicos de su banda y otros cl\u00e1sicos del rock nacional.<!--more--><\/p>\n<hr \/>\n<p>El martes por la noche,<strong> Piti Fern\u00e1ndez le devolvi\u00f3 al Teatro Municipal la dosis de rock que se llev\u00f3 la pandemia.<\/strong> Con un impecable show, el l\u00edder de Las Pastillas del Abuelo brind\u00f3 un impecable espect\u00e1culo en su versi\u00f3n solista.<\/p>\n<p>&nbsp;<\/p>\n<p>Presentando su proyecto solista con un nuevo single \u201cEl c\u00f3mo y el qu\u00e9\u201d en una gira titulada \u201cCaminos br\u00edos\u201d,<strong> el artista dio todo al p\u00fablico local que llen\u00f3 (con los respectivos protocolos sanitarios) el teatro de nuestra ciudad.<\/strong><\/p>\n<p>&nbsp;<\/p>\n<p><strong>Hubo momentos de recuerdos, de presentar lo nuevo y tambi\u00e9n de homenajear a otros artistas.<\/strong> Ni que hablar cuando se escuch\u00f3 \u201cEl Sensei\u201d un cl\u00e1sico oportuno para este tipo de shows (s\u00f3lo a dos guitarras) y \u201cLa Doctora II\u201d otro de los \u201chimnos\u201d pastilleros que le canta al amor.<\/p>\n<p>&nbsp;<\/p>\n<p>En la lente de <strong>Danisa Jaime<\/strong>, el repaso del show de Piti Fern\u00e1ndez.<\/p>\n<p>&nbsp;<\/p>\n<p>[soliloquy id=&#8221;27922&#8243;]<\/p>\n<p>&nbsp;<\/p>\n","protected":false},"excerpt":{"rendered":"<p>En la mirada de Danisa Jaime, el frontman de Las Pastillas del Abuelo estuvo en Olavarr\u00eda en su versi\u00f3n solista,<\/p>\n","protected":false},"author":2,"featured_media":27961,"comment_status":"closed","ping_status":"closed","sticky":false,"template":"","format":"standard","meta":{"_jetpack_memberships_contains_paid_content":false,"footnotes":""},"categories":[9,1],"tags":[],"class_list":["post-27956","post","type-post","status-publish","format-standard","has-post-thumbnail","hentry","category-cultura","category-portada"],"jetpack_featured_media_url":"https:\/\/i0.wp.com\/cdnoticias.com\/wp-content\/uploads\/2021\/07\/piti-fernandez-27-1.jpg?fit=2304%2C1728&ssl=1","jetpack_sharing_enabled":true,"_links":{"self":[{"href":"https:\/\/cdnoticias.com\/index.php\/wp-json\/wp\/v2\/posts\/27956","targetHints":{"allow":["GET"]}}],"collection":[{"href":"https:\/\/cdnoticias.com\/index.php\/wp-json\/wp\/v2\/posts"}],"about":[{"href":"https:\/\/cdnoticias.com\/index.php\/wp-json\/wp\/v2\/types\/post"}],"author":[{"embeddable":true,"href":"https:\/\/cdnoticias.com\/index.php\/wp-json\/wp\/v2\/users\/2"}],"replies":[{"embeddable":true,"href":"https:\/\/cdnoticias.com\/index.php\/wp-json\/wp\/v2\/comments?post=27956"}],"version-history":[{"count":0,"href":"https:\/\/cdnoticias.com\/index.php\/wp-json\/wp\/v2\/posts\/27956\/revisions"}],"wp:featuredmedia":[{"embeddable":true,"href":"https:\/\/cdnoticias.com\/index.php\/wp-json\/wp\/v2\/media\/27961"}],"wp:attachment":[{"href":"https:\/\/cdnoticias.com\/index.php\/wp-json\/wp\/v2\/media?parent=27956"}],"wp:term":[{"taxonomy":"category","embeddable":true,"href":"https:\/\/cdnoticias.com\/index.php\/wp-json\/wp\/v2\/categories?post=27956"},{"taxonomy":"post_tag","embeddable":true,"href":"https:\/\/cdnoticias.com\/index.php\/wp-json\/wp\/v2\/tags?post=27956"}],"curies":[{"name":"wp","href":"https:\/\/api.w.org\/{rel}","templated":true}]}}