{"id":27915,"date":"2021-07-29T19:08:12","date_gmt":"2021-07-29T22:08:12","guid":{"rendered":"http:\/\/www.centraldenoticias.com.ar\/?p=27915"},"modified":"2021-07-29T21:06:42","modified_gmt":"2021-07-30T00:06:42","slug":"vuelco-hinojo-herido","status":"publish","type":"post","link":"https:\/\/cdnoticias.com\/index.php\/2021\/07\/29\/vuelco-hinojo-herido\/","title":{"rendered":"Vuelco en Hinojo: Una de las v\u00edctimas sufri\u00f3 una fractura cervical"},"content":{"rendered":"<p>El hecho se registr\u00f3 en la noche del mi\u00e9rcoles sobre un camino vecinal. Los dos ocupantes debieron ser hospitalizados, aunque uno de ellos ya recibi\u00f3 el alta m\u00e9dica.<br \/>\n<!--more--><\/p>\n<hr \/>\n<p>Uno de los dos hombres accidentados en la noche del mi\u00e9rcoles en un<a href=\"https:\/\/cdnoticias.com\/index.php\/2021\/07\/29\/vuelco-en-un-camino-rural-dos-heridos-leves\/\" target=\"_blank\" rel=\"noopener\">\u00a0vuelco registrado sobre un camino vecinal hacia Colonia Hinojo<\/a> <strong>sufri\u00f3 una fractura cervical<\/strong>, seg\u00fan logr\u00f3 conocerse a partir una actualizaci\u00f3n sobre su condici\u00f3n m\u00e9dica emitida por v\u00edas oficiales.<\/p>\n<p>&nbsp;<\/p>\n<p>Si bien en principio se hab\u00eda informado que los heridos ten\u00edan lesiones de car\u00e1cter leve, con el correr de las horas y ya producida la intervenci\u00f3n m\u00e9dica se dio a conocer que<strong>\u00a0uno de ellos sufri\u00f3 consecuencias de gravedad<\/strong>, m\u00e1s all\u00e1 que ambos fueron hospitalizados.<\/p>\n<p>&nbsp;<\/p>\n<p><img data-recalc-dims=\"1\" loading=\"lazy\" decoding=\"async\" class=\"size-large wp-image-27911 aligncenter\" src=\"https:\/\/i0.wp.com\/cdnoticias.com\/wp-content\/uploads\/2021\/07\/vuelco-camino-colonia-hinojo-2.jpg?resize=800%2C450&#038;ssl=1\" alt=\"\" width=\"800\" height=\"450\" srcset=\"https:\/\/i0.wp.com\/cdnoticias.com\/wp-content\/uploads\/2021\/07\/vuelco-camino-colonia-hinojo-2.jpg?resize=1024%2C576&amp;ssl=1 1024w, https:\/\/i0.wp.com\/cdnoticias.com\/wp-content\/uploads\/2021\/07\/vuelco-camino-colonia-hinojo-2.jpg?resize=300%2C169&amp;ssl=1 300w, https:\/\/i0.wp.com\/cdnoticias.com\/wp-content\/uploads\/2021\/07\/vuelco-camino-colonia-hinojo-2.jpg?resize=768%2C432&amp;ssl=1 768w, https:\/\/i0.wp.com\/cdnoticias.com\/wp-content\/uploads\/2021\/07\/vuelco-camino-colonia-hinojo-2.jpg?w=1280&amp;ssl=1 1280w\" sizes=\"auto, (max-width: 800px) 100vw, 800px\" \/><\/p>\n<p>&nbsp;<\/p>\n<p>En la tarde de este jueves <em><strong>Central de Noticias<\/strong><\/em> logr\u00f3 conocer que<strong> una de las v\u00edctimas, de 48 a\u00f1os, sufri\u00f3 una fractura de una v\u00e9rtebra cervical y aguarda por ser derivado a un centro asistencial privado<\/strong>. Se agreg\u00f3 que se\u00a0 encuentra estable y que se moviliza por sus propios medios.<\/p>\n<p>&nbsp;<\/p>\n<p><strong>El restante, afortunadamente, ya recibi\u00f3 el alta m\u00e9dica<\/strong>.\u00a0El auto Peugeot 206 en que circulaban termin\u00f3 volcado a un kil\u00f3metro de la ruta nacional 226 poco antes de las 22 del mi\u00e9rcoles.<\/p>\n","protected":false},"excerpt":{"rendered":"<p>El hecho se registr\u00f3 en la noche del mi\u00e9rcoles sobre un camino vecinal. Los dos ocupantes debieron ser hospitalizados, aunque<\/p>\n","protected":false},"author":4,"featured_media":27912,"comment_status":"closed","ping_status":"closed","sticky":false,"template":"","format":"standard","meta":{"_jetpack_memberships_contains_paid_content":false,"footnotes":""},"categories":[14,1],"tags":[],"class_list":["post-27915","post","type-post","status-publish","format-standard","has-post-thumbnail","hentry","category-policiales","category-portada"],"jetpack_featured_media_url":"https:\/\/i0.wp.com\/cdnoticias.com\/wp-content\/uploads\/2021\/07\/vuelco-camino-colonia-hinojo-1.jpg?fit=1280%2C720&ssl=1","jetpack_sharing_enabled":true,"_links":{"self":[{"href":"https:\/\/cdnoticias.com\/index.php\/wp-json\/wp\/v2\/posts\/27915","targetHints":{"allow":["GET"]}}],"collection":[{"href":"https:\/\/cdnoticias.com\/index.php\/wp-json\/wp\/v2\/posts"}],"about":[{"href":"https:\/\/cdnoticias.com\/index.php\/wp-json\/wp\/v2\/types\/post"}],"author":[{"embeddable":true,"href":"https:\/\/cdnoticias.com\/index.php\/wp-json\/wp\/v2\/users\/4"}],"replies":[{"embeddable":true,"href":"https:\/\/cdnoticias.com\/index.php\/wp-json\/wp\/v2\/comments?post=27915"}],"version-history":[{"count":0,"href":"https:\/\/cdnoticias.com\/index.php\/wp-json\/wp\/v2\/posts\/27915\/revisions"}],"wp:featuredmedia":[{"embeddable":true,"href":"https:\/\/cdnoticias.com\/index.php\/wp-json\/wp\/v2\/media\/27912"}],"wp:attachment":[{"href":"https:\/\/cdnoticias.com\/index.php\/wp-json\/wp\/v2\/media?parent=27915"}],"wp:term":[{"taxonomy":"category","embeddable":true,"href":"https:\/\/cdnoticias.com\/index.php\/wp-json\/wp\/v2\/categories?post=27915"},{"taxonomy":"post_tag","embeddable":true,"href":"https:\/\/cdnoticias.com\/index.php\/wp-json\/wp\/v2\/tags?post=27915"}],"curies":[{"name":"wp","href":"https:\/\/api.w.org\/{rel}","templated":true}]}}