{"id":27900,"date":"2021-07-29T08:17:12","date_gmt":"2021-07-29T11:17:12","guid":{"rendered":"http:\/\/www.centraldenoticias.com.ar\/?p=27900"},"modified":"2021-07-29T08:47:14","modified_gmt":"2021-07-29T11:47:14","slug":"vacunacion-contra-el-covid-el-miercoles-se-aplicaron-mas-de-900-dosis-en-olavarria","status":"publish","type":"post","link":"https:\/\/cdnoticias.com\/index.php\/2021\/07\/29\/vacunacion-contra-el-covid-el-miercoles-se-aplicaron-mas-de-900-dosis-en-olavarria\/","title":{"rendered":"Vacunaci\u00f3n contra el Covid: el mi\u00e9rcoles se aplicaron m\u00e1s de 900 dosis en Olavarr\u00eda"},"content":{"rendered":"<p>As\u00ed se inform\u00f3 desde la Regi\u00f3n Sanitaria IX. Adem\u00e1s, contin\u00faa la vacunaci\u00f3n libre a mayores de 18 a\u00f1os.<!--more--><\/p>\n<hr \/>\n<p>Durante la jornada del mi\u00e9rcoles<strong> se aplicaron 931 dosis en nuestra ciudad<\/strong>. Seg\u00fan el informe de Regi\u00f3n Sanitaria IX, se dieron 26 primeras dosis y 277 de segundo componente en el Servicio Territorial N\u00b02, en el Centro Cultural Universitario 38 personas fueron vacunadas con primer componente, 68 vecinos y vecinas fueron inoculados con primeras dosis y 480 con segundo componente en la Facultad de Ciencias de la Salud, y en la Mutual Carlos Alberto Moreno de Suteba 42 asistentes recibieron la primer dosis.<\/p>\n<p>&nbsp;<\/p>\n<p>Por otra parte, contin\u00faa la <strong>vacunaci\u00f3n libre a mayores de 18 a\u00f1os<\/strong> que acrediten domicilio en la localidad present\u00e1ndose con su DNI en cualquiera de las postas, y los<strong> mayores de 12 a\u00f1os<\/strong> tambi\u00e9n pueden inscribirse en la web <a href=\"https:\/\/vacunatepba.gba.gob.ar\/\" target=\"_blank\" rel=\"noopener\">www.vacunatepba.gba.gob.ar<\/a> para obtener el turno correspondiente y recibir la primera dosis.<\/p>\n<p>&nbsp;<\/p>\n<blockquote><p>Se recuerda que la aplicaci\u00f3n de segundos componentes es \u00fanicamente por turnos, por lo que se le pide a los vecinos y vecinas que est\u00e9n atentos a las notificaciones que se env\u00edan desde el Ministerio de Salud provincial.<\/p><\/blockquote>\n<p>&nbsp;<\/p>\n<p>Los interesados en vacunarse podr\u00e1n asistir a las postas de vacunaci\u00f3n ubicadas en: Servicio Territorial N\u00b02, Av. Alberdi 2543, de 8 a 18; Facultad de Ciencias de la Salud, Pringles 4375, de 8 a 18; Centro Cultural Universitario, San Mart\u00edn 1955, de 8 a 18; y Mutual Carlos Alberto Moreno de Suteba, Collinet 4544, de 8 a 16.<\/p>\n","protected":false},"excerpt":{"rendered":"<p>As\u00ed se inform\u00f3 desde la Regi\u00f3n Sanitaria IX. Adem\u00e1s, contin\u00faa la vacunaci\u00f3n libre a mayores de 18 a\u00f1os.<\/p>\n","protected":false},"author":5,"featured_media":27295,"comment_status":"closed","ping_status":"closed","sticky":false,"template":"","format":"standard","meta":{"_jetpack_memberships_contains_paid_content":false,"footnotes":""},"categories":[16,1],"tags":[],"class_list":["post-27900","post","type-post","status-publish","format-standard","has-post-thumbnail","hentry","category-covid-19","category-portada"],"jetpack_featured_media_url":"https:\/\/i0.wp.com\/cdnoticias.com\/wp-content\/uploads\/2021\/07\/WhatsApp-Image-2021-07-21-at-20.45.56.jpeg?fit=1280%2C779&ssl=1","jetpack_sharing_enabled":true,"_links":{"self":[{"href":"https:\/\/cdnoticias.com\/index.php\/wp-json\/wp\/v2\/posts\/27900","targetHints":{"allow":["GET"]}}],"collection":[{"href":"https:\/\/cdnoticias.com\/index.php\/wp-json\/wp\/v2\/posts"}],"about":[{"href":"https:\/\/cdnoticias.com\/index.php\/wp-json\/wp\/v2\/types\/post"}],"author":[{"embeddable":true,"href":"https:\/\/cdnoticias.com\/index.php\/wp-json\/wp\/v2\/users\/5"}],"replies":[{"embeddable":true,"href":"https:\/\/cdnoticias.com\/index.php\/wp-json\/wp\/v2\/comments?post=27900"}],"version-history":[{"count":0,"href":"https:\/\/cdnoticias.com\/index.php\/wp-json\/wp\/v2\/posts\/27900\/revisions"}],"wp:featuredmedia":[{"embeddable":true,"href":"https:\/\/cdnoticias.com\/index.php\/wp-json\/wp\/v2\/media\/27295"}],"wp:attachment":[{"href":"https:\/\/cdnoticias.com\/index.php\/wp-json\/wp\/v2\/media?parent=27900"}],"wp:term":[{"taxonomy":"category","embeddable":true,"href":"https:\/\/cdnoticias.com\/index.php\/wp-json\/wp\/v2\/categories?post=27900"},{"taxonomy":"post_tag","embeddable":true,"href":"https:\/\/cdnoticias.com\/index.php\/wp-json\/wp\/v2\/tags?post=27900"}],"curies":[{"name":"wp","href":"https:\/\/api.w.org\/{rel}","templated":true}]}}