{"id":27887,"date":"2021-07-28T18:53:56","date_gmt":"2021-07-28T21:53:56","guid":{"rendered":"http:\/\/www.centraldenoticias.com.ar\/?p=27887"},"modified":"2021-07-28T18:53:56","modified_gmt":"2021-07-28T21:53:56","slug":"el-caps-n-3-cerrara-por-mantenimiento","status":"publish","type":"post","link":"https:\/\/cdnoticias.com\/index.php\/2021\/07\/28\/el-caps-n-3-cerrara-por-mantenimiento\/","title":{"rendered":"El CAPS N\u00b0 3 cerrar\u00e1 por mantenimiento"},"content":{"rendered":"<p>Ser\u00e1 durante este jueves 29 y viernes 30 de julio.<!--more--><\/p>\n<hr \/>\n<p>La Secretar\u00eda de Salud del Municipio inform\u00f3 que durante este <strong>jueves 29 y viernes 30 de julio,<\/strong> el Centro de Atenci\u00f3n Primaria N\u00b03 del Barrio Luj\u00e1n permanecer\u00e1 cerrado.<\/p>\n<p>&nbsp;<\/p>\n<p>En el lugar se realizar\u00e1n <strong>trabajos en la instalaci\u00f3n el\u00e9ctrica<\/strong>, por lo que se requieren 48 horas de cierre para su mantenimiento.<\/p>\n","protected":false},"excerpt":{"rendered":"<p>Ser\u00e1 durante este jueves 29 y viernes 30 de julio.<\/p>\n","protected":false},"author":5,"featured_media":0,"comment_status":"closed","ping_status":"closed","sticky":false,"template":"","format":"standard","meta":{"_jetpack_memberships_contains_paid_content":false,"footnotes":""},"categories":[5],"tags":[],"class_list":["post-27887","post","type-post","status-publish","format-standard","hentry","category-informacion-general"],"jetpack_featured_media_url":"","jetpack_sharing_enabled":true,"_links":{"self":[{"href":"https:\/\/cdnoticias.com\/index.php\/wp-json\/wp\/v2\/posts\/27887","targetHints":{"allow":["GET"]}}],"collection":[{"href":"https:\/\/cdnoticias.com\/index.php\/wp-json\/wp\/v2\/posts"}],"about":[{"href":"https:\/\/cdnoticias.com\/index.php\/wp-json\/wp\/v2\/types\/post"}],"author":[{"embeddable":true,"href":"https:\/\/cdnoticias.com\/index.php\/wp-json\/wp\/v2\/users\/5"}],"replies":[{"embeddable":true,"href":"https:\/\/cdnoticias.com\/index.php\/wp-json\/wp\/v2\/comments?post=27887"}],"version-history":[{"count":0,"href":"https:\/\/cdnoticias.com\/index.php\/wp-json\/wp\/v2\/posts\/27887\/revisions"}],"wp:attachment":[{"href":"https:\/\/cdnoticias.com\/index.php\/wp-json\/wp\/v2\/media?parent=27887"}],"wp:term":[{"taxonomy":"category","embeddable":true,"href":"https:\/\/cdnoticias.com\/index.php\/wp-json\/wp\/v2\/categories?post=27887"},{"taxonomy":"post_tag","embeddable":true,"href":"https:\/\/cdnoticias.com\/index.php\/wp-json\/wp\/v2\/tags?post=27887"}],"curies":[{"name":"wp","href":"https:\/\/api.w.org\/{rel}","templated":true}]}}