{"id":27860,"date":"2021-07-28T19:22:44","date_gmt":"2021-07-28T22:22:44","guid":{"rendered":"http:\/\/www.centraldenoticias.com.ar\/?p=27860"},"modified":"2021-07-28T19:52:17","modified_gmt":"2021-07-28T22:52:17","slug":"camila-pereyra-es-lindo-que-olavarria-me-vea-como-su-representante","status":"publish","type":"post","link":"https:\/\/cdnoticias.com\/index.php\/2021\/07\/28\/camila-pereyra-es-lindo-que-olavarria-me-vea-como-su-representante\/","title":{"rendered":"Camila Pereyra: \u201cEs lindo que Olavarr\u00eda me vea como su representante\u201d"},"content":{"rendered":"<p>La joven cantante agradeci\u00f3 las repercusiones a partir de su presentaci\u00f3n en \u201cLa Voz Argentina\u201d y cont\u00f3 c\u00f3mo fue audicionar para el programa y las expectativas a futuro.<!--more--><\/p>\n<hr \/>\n<p>La cantante olavarriense Camila Pereyra, de 18 a\u00f1os, qued\u00f3 en<em> \u201cLa Voz Argentina\u201d<\/em> con el reconocimiento de todo el jurado. Este mi\u00e9rcoles dialog\u00f3 con C\u00e9sar Salda\u00edn en el programa OK que se emite por Radio Sapiens y cont\u00f3 detalles de la presentaci\u00f3n.<\/p>\n<p>&nbsp;<\/p>\n<p>La olavarriense cant\u00f3<strong><em> \u201cA primera vista\u201d<\/em><\/strong>, una canci\u00f3n de <strong>Chico C\u00e9sar popularizada por Pedro Aznar<\/strong>, y se dieron vuelta los cuatro coaches del programa televisivo de Telef\u00e9.<\/p>\n<p>&nbsp;<\/p>\n<p>De esta manera super\u00f3 la etapa de \u201caudiciones a ciegas\u201d y luego eligi\u00f3 a Ricardo Montaner. Adem\u00e1s, el propio compositor del tema le dedic\u00f3 unas palabras en redes sociales: <strong><em>&#8220;gracias, Cami, por tu voz e delicadeza. Gracias, Pedro Aznar, por tu tan bella versi\u00f3n&#8221;.<\/em><\/strong><\/p>\n<p>&nbsp;<\/p>\n<p>Para Camila todo lo que est\u00e1 pasando <strong>\u201ces una locura\u201d.<\/strong> Asegur\u00f3 que no para de recibir mensajes y resalt\u00f3 que <em>\u201ces lindo que Olavarr\u00eda me vea como su representante. Vivir esta experiencia no tiene palabras. Cuando quise acordar, ayer estaba toda Olavarr\u00eda hablando de m\u00ed\u201d.<\/em><\/p>\n<p>&nbsp;<\/p>\n<p>La joven cantante, relat\u00f3 que el casting para presentarse en el programa fue en enero, de forma virtual. <em>\u201c<strong>Me anot\u00e9 el \u00faltimo d\u00eda, a \u00faltima hora.<\/strong> Fue por un mensaje de mi hermana que me dec\u00eda que cerraba el casting\u201d<\/em> y se\u00f1al\u00f3 que no <em>\u201cno sab\u00eda si anotarme pero amo ese programa, creo que vi todas las versiones de los distintos pa\u00edses\u201d.<\/em><\/p>\n<p>&nbsp;<\/p>\n<div class=\"jetpack-video-wrapper\"><iframe loading=\"lazy\" width=\"800\" height=\"450\" src=\"https:\/\/www.youtube.com\/embed\/W6Nb5vM2Pvg?feature=oembed\" frameborder=\"0\" allow=\"accelerometer; autoplay; clipboard-write; encrypted-media; gyroscope; picture-in-picture\" allowfullscreen><\/iframe><\/div>\n<p>&nbsp;<\/p>\n<p><strong>El primer escenario<\/strong><\/p>\n<p>&nbsp;<\/p>\n<p>Camila conmovi\u00f3 en el escenario del programa. Fue acompa\u00f1ada por su novio y su hermana. Los nervios no le impidieron desenvolverse con soltura para<strong> lograr el paso a la siguiente etapa.<\/strong><\/p>\n<p>&nbsp;<\/p>\n<blockquote><p>\u201cFue mi primer escenario, nunca me hab\u00eda subido a uno. Te impacta a la vista y yo soy muy vergonzosa. Me temblaban las rodillas. Pens\u00e9 que me iba a ayudar que estaban de espaldas, pero se dieron vuelta tan r\u00e1pido que les termin\u00e9 cantando a ellos\u201d, cont\u00f3.<\/p><\/blockquote>\n<p>&nbsp;<\/p>\n<p><img data-recalc-dims=\"1\" loading=\"lazy\" decoding=\"async\" class=\"alignnone size-full wp-image-27865\" src=\"https:\/\/i0.wp.com\/cdnoticias.com\/wp-content\/uploads\/2021\/07\/camilapereyra02.jpg?resize=800%2C449&#038;ssl=1\" alt=\"\" width=\"800\" height=\"449\" srcset=\"https:\/\/i0.wp.com\/cdnoticias.com\/wp-content\/uploads\/2021\/07\/camilapereyra02.jpg?w=1345&amp;ssl=1 1345w, https:\/\/i0.wp.com\/cdnoticias.com\/wp-content\/uploads\/2021\/07\/camilapereyra02.jpg?resize=300%2C168&amp;ssl=1 300w, https:\/\/i0.wp.com\/cdnoticias.com\/wp-content\/uploads\/2021\/07\/camilapereyra02.jpg?resize=768%2C431&amp;ssl=1 768w, https:\/\/i0.wp.com\/cdnoticias.com\/wp-content\/uploads\/2021\/07\/camilapereyra02.jpg?resize=1024%2C575&amp;ssl=1 1024w\" sizes=\"auto, (max-width: 800px) 100vw, 800px\" \/><\/p>\n<p>&nbsp;<\/p>\n<p>Recordar ese momento no es f\u00e1cil: <strong><em>\u201cno s\u00e9 ni como cante, cuando escuch\u00e9 el primer bot\u00f3n lo \u00fanico que quer\u00eda hacer era llorar\u201d.<\/em><\/strong> Sin embargo, la adrenalina de ese instante la convenci\u00f3 sobre su futuro:<em> \u201cno quer\u00eda que me bajen\u201d.<\/em><\/p>\n<p>&nbsp;<\/p>\n<p>Por el momento, sus grandes sue\u00f1os son dos: <strong>seguir en los escenarios y continuar con la carrera de Licenciatura en M\u00fasicoterapia.<\/strong> <em>\u201cSon dos proyectos paralelos, son mis deseos m\u00e1s grandes\u201d<\/em>, finaliz\u00f3.<\/p>\n","protected":false},"excerpt":{"rendered":"<p>La joven cantante agradeci\u00f3 las repercusiones a partir de su presentaci\u00f3n en \u201cLa Voz Argentina\u201d y cont\u00f3 c\u00f3mo fue audicionar<\/p>\n","protected":false},"author":5,"featured_media":27864,"comment_status":"closed","ping_status":"closed","sticky":false,"template":"","format":"standard","meta":{"_jetpack_memberships_contains_paid_content":false,"footnotes":""},"categories":[9,1],"tags":[],"class_list":["post-27860","post","type-post","status-publish","format-standard","has-post-thumbnail","hentry","category-cultura","category-portada"],"jetpack_featured_media_url":"https:\/\/i0.wp.com\/cdnoticias.com\/wp-content\/uploads\/2021\/07\/camilapereyra01.jpg?fit=1291%2C768&ssl=1","jetpack_sharing_enabled":true,"_links":{"self":[{"href":"https:\/\/cdnoticias.com\/index.php\/wp-json\/wp\/v2\/posts\/27860","targetHints":{"allow":["GET"]}}],"collection":[{"href":"https:\/\/cdnoticias.com\/index.php\/wp-json\/wp\/v2\/posts"}],"about":[{"href":"https:\/\/cdnoticias.com\/index.php\/wp-json\/wp\/v2\/types\/post"}],"author":[{"embeddable":true,"href":"https:\/\/cdnoticias.com\/index.php\/wp-json\/wp\/v2\/users\/5"}],"replies":[{"embeddable":true,"href":"https:\/\/cdnoticias.com\/index.php\/wp-json\/wp\/v2\/comments?post=27860"}],"version-history":[{"count":0,"href":"https:\/\/cdnoticias.com\/index.php\/wp-json\/wp\/v2\/posts\/27860\/revisions"}],"wp:featuredmedia":[{"embeddable":true,"href":"https:\/\/cdnoticias.com\/index.php\/wp-json\/wp\/v2\/media\/27864"}],"wp:attachment":[{"href":"https:\/\/cdnoticias.com\/index.php\/wp-json\/wp\/v2\/media?parent=27860"}],"wp:term":[{"taxonomy":"category","embeddable":true,"href":"https:\/\/cdnoticias.com\/index.php\/wp-json\/wp\/v2\/categories?post=27860"},{"taxonomy":"post_tag","embeddable":true,"href":"https:\/\/cdnoticias.com\/index.php\/wp-json\/wp\/v2\/tags?post=27860"}],"curies":[{"name":"wp","href":"https:\/\/api.w.org\/{rel}","templated":true}]}}