{"id":2786,"date":"2020-09-29T18:14:12","date_gmt":"2020-09-29T21:14:12","guid":{"rendered":"http:\/\/www.centraldenoticias.com.ar\/?p=2786"},"modified":"2020-09-29T18:42:51","modified_gmt":"2020-09-29T21:42:51","slug":"los-asalariados-no-registrados-y-los-cuentapropistas-experimentaron-el-mayor-golpe","status":"publish","type":"post","link":"https:\/\/cdnoticias.com\/index.php\/2020\/09\/29\/los-asalariados-no-registrados-y-los-cuentapropistas-experimentaron-el-mayor-golpe\/","title":{"rendered":"\u201cLos asalariados no registrados y los cuentapropistas experimentaron el mayor golpe\u201d"},"content":{"rendered":"<p>&nbsp;<\/p>\n<p>Luis Campos, coordinador del Observatorio del Derecho Social de la CTA &#8211; Aut\u00f3noma, habl\u00f3 en <strong>Radio Universidad 90.1<\/strong> sobre el incremento de la desocupaci\u00f3n en el segundo trimestre del a\u00f1o. Detall\u00f3 el impacto que esta situaci\u00f3n tiene principalmente sobre los trabajadores no registrados y los cuentapropistas.<!--more--><\/p>\n<hr \/>\n<p>Este martes, <strong>Luis Campos, coordinador del Observatorio del Derecho Social de la CTA-Aut\u00f3noma<\/strong>, analiz\u00f3 los datos informados d\u00edas atr\u00e1s por el Instituto Nacional de Estad\u00edsticas y Censos (INDEC) respecto a la tasa de desocupaci\u00f3n y el impacto que tuvo la cuarentena en la tasa de actividad.<\/p>\n<p>&nbsp;<\/p>\n<p>En di\u00e1logo con <strong>C\u00e9sar Edery para Radio Universidad 90.1<\/strong>, detall\u00f3 en primer lugar que los datos que se dieron a conocer dan cuenta de una <strong>tasa de desocupaci\u00f3n en torno al 13,1%, una tasa de actividad que cay\u00f3 por debajo del 40% y una tasa de empleo que se derrumb\u00f3 hasta el 33%.<\/strong><\/p>\n<p>&nbsp;<\/p>\n<p><iframe id=\"audio_57217551\" style=\"border: 1px solid #EEE; box-sizing: border-box; width: 100%;\" src=\"https:\/\/ar.ivoox.com\/es\/player_ej_57217551_4_1.html?c1=ff6600\" height=\"200\" frameborder=\"0\" scrolling=\"no\" allowfullscreen=\"allowfullscreen\"><\/iframe><\/p>\n<p>&nbsp;<\/p>\n<p><em>\u201cSon datos de un trimestre muy complicado en materia laboral. La emergencia econ\u00f3mica, el parate econ\u00f3mico se reflej\u00f3 fundamentalmente en la ca\u00edda de la tasa de actividad y la tasa de empleo\u201d,<\/em> indic\u00f3 Campos.<\/p>\n<p>&nbsp;<\/p>\n<p>La <strong>tasa de actividad<\/strong> (proporci\u00f3n de la poblaci\u00f3n que tiene trabajo o busca tenerlo activamente) cay\u00f3 casi 10 puntos respecto del a\u00f1o pasado, y de un modo similar cay\u00f3 la <strong>tasa de empleo<\/strong> (proporci\u00f3n entre la poblaci\u00f3n ocupada y la poblaci\u00f3n total).<\/p>\n<p>&nbsp;<\/p>\n<p>Es interesante el an\u00e1lisis que realiz\u00f3 Campos respecto a la <strong>categorizaci\u00f3n metodol\u00f3gica que realiza el organismo para llevar adelante la medici\u00f3n.<\/strong> <em>\u201cEl Indec da cuenta de aproximadamente 1,4 millones de desocupados en el segundo trimestre de 2020, y es m\u00e1s o menos la misma cantidad de desocupados que hab\u00eda en el primer trimestre del a\u00f1o. Pero lo que cay\u00f3 much\u00edsimo es la <strong>cantidad de ocupados que el propio organismo no categoriza como desocupados sino como inactivos<\/strong>\u201d.<\/em><\/p>\n<p>&nbsp;<\/p>\n<p>Explic\u00f3 que <strong><em>\u201cesto tiene que ver con una cuesti\u00f3n metodol\u00f3gica que, para considerar desocupada a una persona, el Indec requiere que esta persona no haya realizado tareas laborales pero que al mismo tiempo est\u00e9 buscando activamente un puesto de trabajo\u201d<\/em><\/strong>. Es decir, que en este contexto sanitario y con medidas restrictivas hacia la movilidad <em>\u201cmuchas personas que perdieron su puesto de trabajo no pudieron desarrollar la tarea que antes realizaban con lo cual estad\u00edsticamente para el Indec figuran como inactivas\u201d.<\/em><\/p>\n<p>&nbsp;<\/p>\n<p><img data-recalc-dims=\"1\" loading=\"lazy\" decoding=\"async\" class=\"alignnone size-large wp-image-2791\" src=\"https:\/\/i0.wp.com\/cdnoticias.com\/wp-content\/uploads\/2020\/09\/tasadedesocupacion.jpg?resize=800%2C927&#038;ssl=1\" alt=\"\" width=\"800\" height=\"927\" srcset=\"https:\/\/i0.wp.com\/cdnoticias.com\/wp-content\/uploads\/2020\/09\/tasadedesocupacion.jpg?resize=884%2C1024&amp;ssl=1 884w, https:\/\/i0.wp.com\/cdnoticias.com\/wp-content\/uploads\/2020\/09\/tasadedesocupacion.jpg?resize=259%2C300&amp;ssl=1 259w, https:\/\/i0.wp.com\/cdnoticias.com\/wp-content\/uploads\/2020\/09\/tasadedesocupacion.jpg?resize=768%2C889&amp;ssl=1 768w, https:\/\/i0.wp.com\/cdnoticias.com\/wp-content\/uploads\/2020\/09\/tasadedesocupacion.jpg?w=1600&amp;ssl=1 1600w, https:\/\/i0.wp.com\/cdnoticias.com\/wp-content\/uploads\/2020\/09\/tasadedesocupacion.jpg?w=2400&amp;ssl=1 2400w\" sizes=\"auto, (max-width: 800px) 100vw, 800px\" \/><\/p>\n<p>&nbsp;<\/p>\n<p>Respecto a los sectores m\u00e1s perjudicados, Luis Campos se\u00f1al\u00f3 a los <strong>trabajadores no registrados y a los asalariados por cuenta propia<\/strong> que <em>\u201ccayeron much\u00edsimo con relaci\u00f3n al trimestre anterior\u201d.<\/em><\/p>\n<p>&nbsp;<\/p>\n<p>Y agreg\u00f3 que <strong><em>\u201clos asalariados registrados son los que dentro de todo resistieron m\u00e1s exitosamente la crisis econ\u00f3mica en contraposici\u00f3n con los asalariados no registrados y los cuentapropistas que son los que experimentaron el mayor golpe\u201d.<\/em><\/strong><\/p>\n<p>&nbsp;<\/p>\n<p>Por otra parte, asegur\u00f3 que <em>\u201cen cierta medida el gobierno nacional tom\u00f3 muchas decisiones para proteger el empleo registrado como la <strong>prohibici\u00f3n de despidos, la habilitaci\u00f3n de mecanismos de suspensiones, la implementaci\u00f3n del programa ATP<\/strong>, todas medidas que apuntaron a tratar de que el deterioro en el mercado formal de fuerza de trabajo fuese el menor posible\u201d.<\/em><\/p>\n<p>&nbsp;<\/p>\n<p>Sin embargo, para el mercado informal de fuerza de trabajo, las herramientas de protecci\u00f3n fueron menores. \u201c<em>En este caso solo hubo mecanismos de transferencias de ingresos fundamentalmente el <strong>Ingreso Familiar de Emergencia (IFE)<\/strong> que permiti\u00f3 en cierta medida contener y garantizar alg\u00fan tipo de ingresos en esos hogares\u201d<\/em>, afirm\u00f3.<\/p>\n<p>&nbsp;<\/p>\n<p>Por \u00faltimo, indic\u00f3 que si bien <em>\u201calgunas actividades comenzaron a recuperarse\u201d<\/em> a\u00fan <strong><em>\u201cestamos lejos de haber finalizado la crisis econ\u00f3mica y la gran crisis sanitaria\u201d.<\/em><\/strong><\/p>\n","protected":false},"excerpt":{"rendered":"<p>&nbsp; Luis Campos, coordinador del Observatorio del Derecho Social de la CTA &#8211; Aut\u00f3noma, habl\u00f3 en Radio Universidad 90.1 sobre<\/p>\n","protected":false},"author":5,"featured_media":2794,"comment_status":"closed","ping_status":"closed","sticky":false,"template":"","format":"standard","meta":{"_jetpack_memberships_contains_paid_content":false,"footnotes":""},"categories":[5,1],"tags":[],"class_list":["post-2786","post","type-post","status-publish","format-standard","has-post-thumbnail","hentry","category-informacion-general","category-portada"],"jetpack_featured_media_url":"https:\/\/i0.wp.com\/cdnoticias.com\/wp-content\/uploads\/2020\/09\/foto.jpg?fit=1029%2C603&ssl=1","jetpack_sharing_enabled":true,"_links":{"self":[{"href":"https:\/\/cdnoticias.com\/index.php\/wp-json\/wp\/v2\/posts\/2786","targetHints":{"allow":["GET"]}}],"collection":[{"href":"https:\/\/cdnoticias.com\/index.php\/wp-json\/wp\/v2\/posts"}],"about":[{"href":"https:\/\/cdnoticias.com\/index.php\/wp-json\/wp\/v2\/types\/post"}],"author":[{"embeddable":true,"href":"https:\/\/cdnoticias.com\/index.php\/wp-json\/wp\/v2\/users\/5"}],"replies":[{"embeddable":true,"href":"https:\/\/cdnoticias.com\/index.php\/wp-json\/wp\/v2\/comments?post=2786"}],"version-history":[{"count":0,"href":"https:\/\/cdnoticias.com\/index.php\/wp-json\/wp\/v2\/posts\/2786\/revisions"}],"wp:featuredmedia":[{"embeddable":true,"href":"https:\/\/cdnoticias.com\/index.php\/wp-json\/wp\/v2\/media\/2794"}],"wp:attachment":[{"href":"https:\/\/cdnoticias.com\/index.php\/wp-json\/wp\/v2\/media?parent=2786"}],"wp:term":[{"taxonomy":"category","embeddable":true,"href":"https:\/\/cdnoticias.com\/index.php\/wp-json\/wp\/v2\/categories?post=2786"},{"taxonomy":"post_tag","embeddable":true,"href":"https:\/\/cdnoticias.com\/index.php\/wp-json\/wp\/v2\/tags?post=2786"}],"curies":[{"name":"wp","href":"https:\/\/api.w.org\/{rel}","templated":true}]}}