{"id":27859,"date":"2021-07-28T18:24:08","date_gmt":"2021-07-28T21:24:08","guid":{"rendered":"http:\/\/www.centraldenoticias.com.ar\/?p=27859"},"modified":"2021-07-28T18:24:08","modified_gmt":"2021-07-28T21:24:08","slug":"galli-recorrio-las-obras-de-la-primera-etapa-de-obra-del-plan-tu-vi","status":"publish","type":"post","link":"https:\/\/cdnoticias.com\/index.php\/2021\/07\/28\/galli-recorrio-las-obras-de-la-primera-etapa-de-obra-del-plan-tu-vi\/","title":{"rendered":"Galli recorri\u00f3 las obras de la primera etapa de obra del Plan Tu.Vi"},"content":{"rendered":"<p>El intendente estuvo acompa\u00f1ado de Bruno Cenizo, presidente del HCD y precandidato a primer concejal por Juntos.<!--more--><\/p>\n<hr \/>\n<p>En la jornada de este mi\u00e9rcoles el intendente Ezequiel Galli estuvo en el barrio Pickelado, donde se iniciaron recientemente las<strong> tareas preliminares para la primera etapa de construcci\u00f3n de 20 viviendas del Plan Tu.Vi<\/strong>. Durante la recorrida de obra estuvo acompa\u00f1ado por el presidente del Concejo Deliberante Bruno Cenizo, quien es adem\u00e1s <a href=\"https:\/\/cdnoticias.com\/index.php\/2021\/07\/23\/cenizo-es-un-orgullo-representar-nuevamente-este-espacio-politico\/\" target=\"_blank\" rel=\"noopener\">primer precandidato a concejal por el espacio Juntos<\/a>.<\/p>\n<p>&nbsp;<\/p>\n<p>Desde la Secretar\u00eda de Mantenimiento y Obras P\u00fablicas de la Municipalidad se indic\u00f3 que los trabajos iniciales consistieron en el replanteo de obra y comienzo de la excavaci\u00f3n de cimientos, para luego continuar con el relleno de los mismos y as\u00ed poder continuar con las tareas siguientes de levantamiento de muros, que se ver\u00e1n en las pr\u00f3ximas semanas. <strong>Esta primera etapa de obra se encuentra a cargo de la empresa Visan Ingenier\u00eda S.A. por un monto de $78.667.019,52.<\/strong><\/p>\n<p>&nbsp;<\/p>\n<p><em><strong>Inscripci\u00f3n<\/strong><\/em><\/p>\n<p>&nbsp;<\/p>\n<p>Desde la Municipalidad del Partido de Olavarr\u00eda se recuerda que <strong>hasta el d\u00eda s\u00e1bado 31 de julio contin\u00faa abierta la inscripci\u00f3n para el plan de viviendas Tu.Vi.<\/strong>, en la <a href=\"http:\/\/www.olavarria.gov.ar\" target=\"_blank\" rel=\"noopener\">p\u00e1gina web oficial<\/a>. Al respecto, cabe agregar que la inscripci\u00f3n se inici\u00f3 formalmente el d\u00eda 28 de junio y a la fecha, <strong>se han adherido alrededor de 120 personas<\/strong>.<\/p>\n<p>&nbsp;<\/p>\n<p>Se recuerda que<strong> los aspirantes deber\u00e1n estar inscriptos en el Registro de Demanda Habitacional, con usuario y contrase\u00f1a<\/strong>, e ingresar al bot\u00f3n que se encuentra en la esquina superior derecha de la pantalla que dice: \u201cProgramas Habitacionales Vigentes\u201d.<\/p>\n<p>&nbsp;<\/p>\n<p><img data-recalc-dims=\"1\" loading=\"lazy\" decoding=\"async\" class=\"alignnone size-large wp-image-27867\" src=\"https:\/\/i0.wp.com\/cdnoticias.com\/wp-content\/uploads\/2021\/07\/Obras-TuVI-2-scaled.jpg?resize=800%2C534&#038;ssl=1\" alt=\"\" width=\"800\" height=\"534\" srcset=\"https:\/\/i0.wp.com\/cdnoticias.com\/wp-content\/uploads\/2021\/07\/Obras-TuVI-2-scaled.jpg?resize=1024%2C684&amp;ssl=1 1024w, https:\/\/i0.wp.com\/cdnoticias.com\/wp-content\/uploads\/2021\/07\/Obras-TuVI-2-scaled.jpg?resize=300%2C201&amp;ssl=1 300w, https:\/\/i0.wp.com\/cdnoticias.com\/wp-content\/uploads\/2021\/07\/Obras-TuVI-2-scaled.jpg?resize=768%2C513&amp;ssl=1 768w, https:\/\/i0.wp.com\/cdnoticias.com\/wp-content\/uploads\/2021\/07\/Obras-TuVI-2-scaled.jpg?resize=272%2C182&amp;ssl=1 272w, https:\/\/i0.wp.com\/cdnoticias.com\/wp-content\/uploads\/2021\/07\/Obras-TuVI-2-scaled.jpg?w=1600&amp;ssl=1 1600w, https:\/\/i0.wp.com\/cdnoticias.com\/wp-content\/uploads\/2021\/07\/Obras-TuVI-2-scaled.jpg?w=2400&amp;ssl=1 2400w\" sizes=\"auto, (max-width: 800px) 100vw, 800px\" \/><\/p>\n<p>&nbsp;<\/p>\n<p>Cuando la adhesi\u00f3n es satisfactoria, se le va a enviar un n\u00famero de aspirante por email, con el cual se va a identificar en todo el camino de la licitaci\u00f3n. Asimismo, se va a enviar informaci\u00f3n sobre c\u00f3mo continuar el proceso. <strong>Es importante que el correo electr\u00f3nico sea v\u00e1lido y accesible por el aspirante, dado que va a ser el canal de comunicaci\u00f3n.<\/strong><\/p>\n<p>&nbsp;<\/p>\n<p>La determinaci\u00f3n del universo de preadjudicatarios se realizar\u00e1 por el sistema de licitaci\u00f3n. La entrega de sobres con la oferta para la licitaci\u00f3n de los aspirantes ser\u00e1 del 2 al 4 de agosto, en el Sal\u00f3n Blanco de la Municipalidad. Lunes 2 y martes 3 en el horario de 8 a 12:30 horas. El mi\u00e9rcoles 4 de 13 a 17 horas. <strong>La apertura de los sobres tendr\u00e1 lugar el 6 de agosto, en lugar y hora a confirmar.<\/strong><\/p>\n<p>&nbsp;<\/p>\n<p>El cobro del anticipo financiero se realizar\u00e1 -en un \u00fanico pago- a los 30 d\u00edas de determinarse los adjudicatarios, que ser\u00e1 luego de 30 d\u00edas previos de an\u00e1lisis de documentaci\u00f3n. <strong>Por consultas sobre el Plan Tu.Vi., deber\u00e1n comunicarse al correo tuvi@olavarria.gov.ar<\/strong><\/p>\n","protected":false},"excerpt":{"rendered":"<p>El intendente estuvo acompa\u00f1ado de Bruno Cenizo, presidente del HCD y precandidato a primer concejal por Juntos.<\/p>\n","protected":false},"author":3,"featured_media":27868,"comment_status":"closed","ping_status":"closed","sticky":false,"template":"","format":"standard","meta":{"_jetpack_memberships_contains_paid_content":false,"footnotes":""},"categories":[5,1],"tags":[],"class_list":["post-27859","post","type-post","status-publish","format-standard","has-post-thumbnail","hentry","category-informacion-general","category-portada"],"jetpack_featured_media_url":"https:\/\/i0.wp.com\/cdnoticias.com\/wp-content\/uploads\/2021\/07\/Obras-TuVI-1-scaled.jpg?fit=2560%2C1711&ssl=1","jetpack_sharing_enabled":true,"_links":{"self":[{"href":"https:\/\/cdnoticias.com\/index.php\/wp-json\/wp\/v2\/posts\/27859","targetHints":{"allow":["GET"]}}],"collection":[{"href":"https:\/\/cdnoticias.com\/index.php\/wp-json\/wp\/v2\/posts"}],"about":[{"href":"https:\/\/cdnoticias.com\/index.php\/wp-json\/wp\/v2\/types\/post"}],"author":[{"embeddable":true,"href":"https:\/\/cdnoticias.com\/index.php\/wp-json\/wp\/v2\/users\/3"}],"replies":[{"embeddable":true,"href":"https:\/\/cdnoticias.com\/index.php\/wp-json\/wp\/v2\/comments?post=27859"}],"version-history":[{"count":0,"href":"https:\/\/cdnoticias.com\/index.php\/wp-json\/wp\/v2\/posts\/27859\/revisions"}],"wp:featuredmedia":[{"embeddable":true,"href":"https:\/\/cdnoticias.com\/index.php\/wp-json\/wp\/v2\/media\/27868"}],"wp:attachment":[{"href":"https:\/\/cdnoticias.com\/index.php\/wp-json\/wp\/v2\/media?parent=27859"}],"wp:term":[{"taxonomy":"category","embeddable":true,"href":"https:\/\/cdnoticias.com\/index.php\/wp-json\/wp\/v2\/categories?post=27859"},{"taxonomy":"post_tag","embeddable":true,"href":"https:\/\/cdnoticias.com\/index.php\/wp-json\/wp\/v2\/tags?post=27859"}],"curies":[{"name":"wp","href":"https:\/\/api.w.org\/{rel}","templated":true}]}}