{"id":27786,"date":"2021-07-27T20:26:29","date_gmt":"2021-07-27T23:26:29","guid":{"rendered":"http:\/\/www.centraldenoticias.com.ar\/?p=27786"},"modified":"2021-07-27T20:26:29","modified_gmt":"2021-07-27T23:26:29","slug":"plan-provincial-de-vacunacion-se-aplicaron-588-dosis","status":"publish","type":"post","link":"https:\/\/cdnoticias.com\/index.php\/2021\/07\/27\/plan-provincial-de-vacunacion-se-aplicaron-588-dosis\/","title":{"rendered":"Plan Provincial de Vacunaci\u00f3n: se aplicaron 588 dosis"},"content":{"rendered":"<p>Adem\u00e1s, los mayores de 12 a\u00f1os ya pueden anotarse para recibir la vacuna contra el Covid.<!--more--><\/p>\n<hr \/>\n<p>Desde la Regi\u00f3n Sanitaria IX se inform\u00f3 que durante la jornada de <strong>este martes se aplicaron 588 dosis:<\/strong> 40 primeras dosis en el Centro Cultural Universitario, en el Servicio Territorial 57 primeras dosis, en la Facultad de Ciencias de la Salud 465 (57 primeras dosis, 408 segundo componente) y en la Mutual Carlos Alberto Moreno 26 primeras dosis.<\/p>\n<p>Por otra parte, los mayores de 12 a\u00f1os ya pueden inscribirse para recibir la vacuna a trav\u00e9s de la web <a href=\"https:\/\/vacunatepba.gba.gob.ar\/\" target=\"_blank\" rel=\"noopener\">www.vacunatepba.gba.gob.ar<\/a> y obtener el turno correspondiente.<\/p>\n<p>Adem\u00e1s, sigue la<strong> vacunaci\u00f3n libre a mayores de 18 a\u00f1os<\/strong> present\u00e1ndose en cualquiera de las postas con su DNI y acreditando domicilio en la localidad. La aplicaci\u00f3n de segundas dosis es \u00fanicamente por turnos, por lo que se le pide a la comunidad que est\u00e9n atentos a las notificaciones.<\/p>\n<p>Los interesados en aplicarse el primer componente podr\u00e1n dirigirse a las postas de vacunaci\u00f3n ubicadas en: Servicio Territorial N\u00b02, Av. Alberdi 2543, de 8 a 18; Facultad de Ciencias de la Salud, Pringles 4375, de 8 a 18; Centro Cultural Universitario, San Martin 1955, de 8 a 18; y Mutual Carlos Alberto Moreno de Suteba, Collinet 4544, de 8 a 16.<\/p>\n","protected":false},"excerpt":{"rendered":"<p>Adem\u00e1s, los mayores de 12 a\u00f1os ya pueden anotarse para recibir la vacuna contra el Covid.<\/p>\n","protected":false},"author":5,"featured_media":25867,"comment_status":"closed","ping_status":"closed","sticky":false,"template":"","format":"standard","meta":{"_jetpack_memberships_contains_paid_content":false,"footnotes":""},"categories":[16,1],"tags":[],"class_list":["post-27786","post","type-post","status-publish","format-standard","has-post-thumbnail","hentry","category-covid-19","category-portada"],"jetpack_featured_media_url":"https:\/\/i0.wp.com\/cdnoticias.com\/wp-content\/uploads\/2021\/07\/WhatsApp-Image-2021-07-05-at-20.15.31.jpeg?fit=1280%2C847&ssl=1","jetpack_sharing_enabled":true,"_links":{"self":[{"href":"https:\/\/cdnoticias.com\/index.php\/wp-json\/wp\/v2\/posts\/27786","targetHints":{"allow":["GET"]}}],"collection":[{"href":"https:\/\/cdnoticias.com\/index.php\/wp-json\/wp\/v2\/posts"}],"about":[{"href":"https:\/\/cdnoticias.com\/index.php\/wp-json\/wp\/v2\/types\/post"}],"author":[{"embeddable":true,"href":"https:\/\/cdnoticias.com\/index.php\/wp-json\/wp\/v2\/users\/5"}],"replies":[{"embeddable":true,"href":"https:\/\/cdnoticias.com\/index.php\/wp-json\/wp\/v2\/comments?post=27786"}],"version-history":[{"count":0,"href":"https:\/\/cdnoticias.com\/index.php\/wp-json\/wp\/v2\/posts\/27786\/revisions"}],"wp:featuredmedia":[{"embeddable":true,"href":"https:\/\/cdnoticias.com\/index.php\/wp-json\/wp\/v2\/media\/25867"}],"wp:attachment":[{"href":"https:\/\/cdnoticias.com\/index.php\/wp-json\/wp\/v2\/media?parent=27786"}],"wp:term":[{"taxonomy":"category","embeddable":true,"href":"https:\/\/cdnoticias.com\/index.php\/wp-json\/wp\/v2\/categories?post=27786"},{"taxonomy":"post_tag","embeddable":true,"href":"https:\/\/cdnoticias.com\/index.php\/wp-json\/wp\/v2\/tags?post=27786"}],"curies":[{"name":"wp","href":"https:\/\/api.w.org\/{rel}","templated":true}]}}