{"id":27778,"date":"2021-07-27T18:43:59","date_gmt":"2021-07-27T21:43:59","guid":{"rendered":"http:\/\/www.centraldenoticias.com.ar\/?p=27778"},"modified":"2021-07-28T08:23:33","modified_gmt":"2021-07-28T11:23:33","slug":"frio-viento-y-tambien-nieve-ceso-el-alerta-por-vientos-pero-persiste-la-advertencia-violeta-por-el-frio","status":"publish","type":"post","link":"https:\/\/cdnoticias.com\/index.php\/2021\/07\/27\/frio-viento-y-tambien-nieve-ceso-el-alerta-por-vientos-pero-persiste-la-advertencia-violeta-por-el-frio\/","title":{"rendered":"Fr\u00edo, viento \u00bfy tambi\u00e9n nieve?: Ces\u00f3 el alerta por vientos pero persiste la \u201cadvertencia violeta\u201d por el fr\u00edo"},"content":{"rendered":"<p>Las bajas temperaturas seguir\u00e1n, al menos, hasta el jueves. Este martes las r\u00e1fagas de viento llegaron a los 70 km\/h. <strong>Los detalles<\/strong>.<!--more--><\/p>\n<hr \/>\n<p>Un martes extremo. As\u00ed podr\u00eda catalogarse al momento de abordar c\u00f3mo estuvo el tiempo en lo que va de la jornada. El frio y el viento se hicieron sentir, y mucho, tal como hab\u00eda sido anticipado en las \u00faltimas horas desde el Servicio Meteorol\u00f3gico Nacional tras anunciarse la vigencia tanto de <a href=\"https:\/\/cdnoticias.com\/index.php\/2021\/07\/26\/alerta-amarillo-por-fuertes-vientos-para-olavarria-y-la-zona\/\" target=\"_blank\" rel=\"noopener\">un \u201calerta amarillo\u201d por fuertes vientos<\/a> y <a href=\"https:\/\/cdnoticias.com\/index.php\/2021\/07\/26\/ademas-de-los-vientos-tambien-emiten-una-advertencia-violeta-por-bajas-temperaturas\/\" target=\"_blank\" rel=\"noopener\">una \u201cadvertencia violeta\u201d por bajas temperaturas<\/a>.<\/p>\n<p>&nbsp;<\/p>\n<p><img data-recalc-dims=\"1\" loading=\"lazy\" decoding=\"async\" class=\"alignnone size-large wp-image-27781\" src=\"https:\/\/i0.wp.com\/cdnoticias.com\/wp-content\/uploads\/2021\/07\/Sin-t%C3%ADtulo-1-1024x409.jpg?resize=800%2C320&#038;ssl=1\" alt=\"\" width=\"800\" height=\"320\" srcset=\"https:\/\/i0.wp.com\/cdnoticias.com\/wp-content\/uploads\/2021\/07\/Sin-t%C3%ADtulo-1.jpg?resize=1024%2C409&amp;ssl=1 1024w, https:\/\/i0.wp.com\/cdnoticias.com\/wp-content\/uploads\/2021\/07\/Sin-t%C3%ADtulo-1.jpg?resize=300%2C120&amp;ssl=1 300w, https:\/\/i0.wp.com\/cdnoticias.com\/wp-content\/uploads\/2021\/07\/Sin-t%C3%ADtulo-1.jpg?resize=768%2C307&amp;ssl=1 768w, https:\/\/i0.wp.com\/cdnoticias.com\/wp-content\/uploads\/2021\/07\/Sin-t%C3%ADtulo-1.jpg?w=1117&amp;ssl=1 1117w\" sizes=\"auto, (max-width: 800px) 100vw, 800px\" \/><\/p>\n<p>&nbsp;<\/p>\n<p>En cuanto a los vientos tambi\u00e9n se cumpli\u00f3 el pron\u00f3stico. Desde el cierre de la ma\u00f1ana y, principalmente, durante la tarde se sinti\u00f3 el incremento en los registros con <strong>r\u00e1fagas desde el sudoeste que llegaron a los 70 km\/h tanto a las 15 como a las 16, seg\u00fan se precis\u00f3 a este portal. Si bien el \u201calerta amarillo\u201d ya ces\u00f3, a las 18 hubo registros de r\u00e1fagas de a 64 km\/h<\/strong>.<\/p>\n<p>&nbsp;<\/p>\n<blockquote><p>Seg\u00fan datos de la Estaci\u00f3n Meteorol\u00f3gica local, este martes la m\u00ednima fue de 1.1 a las 8.10, pero a las 9 de la ma\u00f1ana la sensaci\u00f3n t\u00e9rmica fue -6.2 grados. La m\u00e1xima fue de apenas 9.1\u00b0 a las 16:10.<\/p><\/blockquote>\n<p>&nbsp;<\/p>\n<p>Inclusive, los fuertes vientos seguir\u00e1n no solo durante lo que resta de este martes, sino tambi\u00e9n durante la madrugada y ma\u00f1ana del mi\u00e9rcoles, momento en el que <strong>no se descarta la posibilidad de nevadas y lluvias<\/strong>.<\/p>\n<p>&nbsp;<\/p>\n<p><img data-recalc-dims=\"1\" loading=\"lazy\" decoding=\"async\" class=\"alignnone size-full wp-image-27780\" src=\"https:\/\/i0.wp.com\/cdnoticias.com\/wp-content\/uploads\/2021\/07\/Sin-t%C3%ADtulo-4.jpg?resize=555%2C260&#038;ssl=1\" alt=\"\" width=\"555\" height=\"260\" srcset=\"https:\/\/i0.wp.com\/cdnoticias.com\/wp-content\/uploads\/2021\/07\/Sin-t%C3%ADtulo-4.jpg?w=555&amp;ssl=1 555w, https:\/\/i0.wp.com\/cdnoticias.com\/wp-content\/uploads\/2021\/07\/Sin-t%C3%ADtulo-4.jpg?resize=300%2C141&amp;ssl=1 300w\" sizes=\"auto, (max-width: 555px) 100vw, 555px\" \/><\/p>\n<p>&nbsp;<\/p>\n<p>En este sentido, vale mencionar que la advertencia violeta por bajas temperaturas rige, al menos, hasta el jueves inclusive.\u00a0\u201cEl \u00e1rea ser\u00e1 afectada por bajas temperaturas, por debajo de valores normales, al menos hasta la ma\u00f1ana del jueves 29. <strong>Se espera que las temperaturas m\u00ednimas est\u00e9n entre -6 \u00b0C y 6 \u00b0C, mientras que las temperaturas m\u00e1ximas oscilar\u00e1n entre 10 \u00b0C y 17 \u00b0C<\/strong>\u201d, fue lo que se advirti\u00f3.<\/p>\n<p>&nbsp;<\/p>\n<p><em>Foto de portada Estaci\u00f3n Meteorol\u00f3gica local<\/em><\/p>\n","protected":false},"excerpt":{"rendered":"<p>Las bajas temperaturas seguir\u00e1n, al menos, hasta el jueves. Este martes las r\u00e1fagas de viento llegaron a los 70 km\/h.<\/p>\n","protected":false},"author":3,"featured_media":27779,"comment_status":"closed","ping_status":"closed","sticky":false,"template":"","format":"standard","meta":{"_jetpack_memberships_contains_paid_content":false,"footnotes":""},"categories":[5,1],"tags":[],"class_list":["post-27778","post","type-post","status-publish","format-standard","has-post-thumbnail","hentry","category-informacion-general","category-portada"],"jetpack_featured_media_url":"https:\/\/i0.wp.com\/cdnoticias.com\/wp-content\/uploads\/2021\/07\/portada-frio.jpg?fit=800%2C445&ssl=1","jetpack_sharing_enabled":true,"_links":{"self":[{"href":"https:\/\/cdnoticias.com\/index.php\/wp-json\/wp\/v2\/posts\/27778","targetHints":{"allow":["GET"]}}],"collection":[{"href":"https:\/\/cdnoticias.com\/index.php\/wp-json\/wp\/v2\/posts"}],"about":[{"href":"https:\/\/cdnoticias.com\/index.php\/wp-json\/wp\/v2\/types\/post"}],"author":[{"embeddable":true,"href":"https:\/\/cdnoticias.com\/index.php\/wp-json\/wp\/v2\/users\/3"}],"replies":[{"embeddable":true,"href":"https:\/\/cdnoticias.com\/index.php\/wp-json\/wp\/v2\/comments?post=27778"}],"version-history":[{"count":0,"href":"https:\/\/cdnoticias.com\/index.php\/wp-json\/wp\/v2\/posts\/27778\/revisions"}],"wp:featuredmedia":[{"embeddable":true,"href":"https:\/\/cdnoticias.com\/index.php\/wp-json\/wp\/v2\/media\/27779"}],"wp:attachment":[{"href":"https:\/\/cdnoticias.com\/index.php\/wp-json\/wp\/v2\/media?parent=27778"}],"wp:term":[{"taxonomy":"category","embeddable":true,"href":"https:\/\/cdnoticias.com\/index.php\/wp-json\/wp\/v2\/categories?post=27778"},{"taxonomy":"post_tag","embeddable":true,"href":"https:\/\/cdnoticias.com\/index.php\/wp-json\/wp\/v2\/tags?post=27778"}],"curies":[{"name":"wp","href":"https:\/\/api.w.org\/{rel}","templated":true}]}}