{"id":27747,"date":"2021-07-27T14:57:09","date_gmt":"2021-07-27T17:57:09","guid":{"rendered":"http:\/\/www.centraldenoticias.com.ar\/?p=27747"},"modified":"2021-07-27T14:57:09","modified_gmt":"2021-07-27T17:57:09","slug":"nuestramerica-destaco-a-soledad-rodriguez-en-las-candidaturas-del-frente-de-todos","status":"publish","type":"post","link":"https:\/\/cdnoticias.com\/index.php\/2021\/07\/27\/nuestramerica-destaco-a-soledad-rodriguez-en-las-candidaturas-del-frente-de-todos\/","title":{"rendered":"Nuestram\u00e9rica destac\u00f3 a Soledad Rodr\u00edguez en las candidaturas del Frente de Todos"},"content":{"rendered":"<p>\u201cLogramos que una compa\u00f1era nuestra conforme la lista de Consejeros Escolares. Para nosotras es muy importante ya que nos sentimos representadas con su voz&#8221; se defini\u00f3.<!--more--><\/p>\n<hr \/>\n<p><strong>Entre los precandidatos de la lista local del Frente de Todos en Olavarr\u00eda se cuenta Soledad Rodr\u00edguez, militante de la agrupaci\u00f3n Nuestram\u00e9rica<\/strong>. <a href=\"https:\/\/cdnoticias.com\/index.php\/2021\/07\/24\/el-frente-de-todos-oficializo-la-nomina-de-precandidatos-en-olavarria\/\" target=\"_blank\" rel=\"noopener\">La lista se dio a conocer el s\u00e1bado<\/a> y la mencionada es precandidata en cuarto lugar.<\/p>\n<p>&nbsp;<\/p>\n<blockquote><p>\u201cDesde la organizaci\u00f3n Nuestram\u00e9rica logramos que una compa\u00f1era nuestra conforme la lista de Consejeros Escolares. Para nosotras es muy importante ya que nos sentimos representadas con su voz, los de abajo somos los \u00faltimos en llegar\u201d se defini\u00f3 desde la organizaci\u00f3n al resaltar la novedad.<\/p><\/blockquote>\n<p>&nbsp;<\/p>\n<p><iframe loading=\"lazy\" style=\"border: none; overflow: hidden;\" src=\"https:\/\/www.facebook.com\/plugins\/post.php?href=https%3A%2F%2Fwww.facebook.com%2Fmpnuestramerica.olavarria%2Fposts%2F949225402525535&amp;show_text=true&amp;width=500\" width=\"500\" height=\"729\" frameborder=\"0\" scrolling=\"no\" allowfullscreen=\"allowfullscreen\"><\/iframe><\/p>\n<p>&nbsp;<\/p>\n<p>En este sentido, se indic\u00f3 que <strong>Soledad Rodr\u00edguez es maestra popular e integrante del equipo de Red Puentes<\/strong> como acompa\u00f1ante terap\u00e9utica, un espacio comunitario que trata consumos problem\u00e1ticos y situaci\u00f3n de calle.<\/p>\n<p>&nbsp;<\/p>\n<p>Soledad Rodr\u00edguez tambi\u00e9n <strong>ha militado en ex Casa Popular Valeria llamada ahora Casa Popular de la Mujer<\/strong>.<\/p>\n","protected":false},"excerpt":{"rendered":"<p>\u201cLogramos que una compa\u00f1era nuestra conforme la lista de Consejeros Escolares. Para nosotras es muy importante ya que nos sentimos<\/p>\n","protected":false},"author":4,"featured_media":27749,"comment_status":"closed","ping_status":"closed","sticky":false,"template":"","format":"standard","meta":{"_jetpack_memberships_contains_paid_content":false,"footnotes":""},"categories":[4,1],"tags":[],"class_list":["post-27747","post","type-post","status-publish","format-standard","has-post-thumbnail","hentry","category-politica","category-portada"],"jetpack_featured_media_url":"https:\/\/i0.wp.com\/cdnoticias.com\/wp-content\/uploads\/2021\/07\/soledad-rodriguez-01.jpg?fit=800%2C445&ssl=1","jetpack_sharing_enabled":true,"_links":{"self":[{"href":"https:\/\/cdnoticias.com\/index.php\/wp-json\/wp\/v2\/posts\/27747","targetHints":{"allow":["GET"]}}],"collection":[{"href":"https:\/\/cdnoticias.com\/index.php\/wp-json\/wp\/v2\/posts"}],"about":[{"href":"https:\/\/cdnoticias.com\/index.php\/wp-json\/wp\/v2\/types\/post"}],"author":[{"embeddable":true,"href":"https:\/\/cdnoticias.com\/index.php\/wp-json\/wp\/v2\/users\/4"}],"replies":[{"embeddable":true,"href":"https:\/\/cdnoticias.com\/index.php\/wp-json\/wp\/v2\/comments?post=27747"}],"version-history":[{"count":0,"href":"https:\/\/cdnoticias.com\/index.php\/wp-json\/wp\/v2\/posts\/27747\/revisions"}],"wp:featuredmedia":[{"embeddable":true,"href":"https:\/\/cdnoticias.com\/index.php\/wp-json\/wp\/v2\/media\/27749"}],"wp:attachment":[{"href":"https:\/\/cdnoticias.com\/index.php\/wp-json\/wp\/v2\/media?parent=27747"}],"wp:term":[{"taxonomy":"category","embeddable":true,"href":"https:\/\/cdnoticias.com\/index.php\/wp-json\/wp\/v2\/categories?post=27747"},{"taxonomy":"post_tag","embeddable":true,"href":"https:\/\/cdnoticias.com\/index.php\/wp-json\/wp\/v2\/tags?post=27747"}],"curies":[{"name":"wp","href":"https:\/\/api.w.org\/{rel}","templated":true}]}}