{"id":27742,"date":"2021-07-27T14:51:34","date_gmt":"2021-07-27T17:51:34","guid":{"rendered":"http:\/\/www.centraldenoticias.com.ar\/?p=27742"},"modified":"2021-07-27T14:51:34","modified_gmt":"2021-07-27T17:51:34","slug":"gabriela-anahi-eugui-de-cortavarria-gaby-q-e-p-d","status":"publish","type":"post","link":"https:\/\/cdnoticias.com\/index.php\/2021\/07\/27\/gabriela-anahi-eugui-de-cortavarria-gaby-q-e-p-d\/","title":{"rendered":"Gabriela Anah\u00ed Eugui de Cortavarria &#8220;Gaby&#8221; (Q.E.P.D.)"},"content":{"rendered":"<p>Falleci\u00f3 en La Plata el 26 de julio a los 53 a\u00f1os. Su esposo Jos\u00e9 Omar Cortavarria; su hijos Mar\u00eda Paula, Juan Pablo y Juan Ignacio; sus hermanos Marcelo y Fernanda Eugui; sus sobrinos, sus t\u00edos, sus primos y dem\u00e1s deudos participan su fallecimiento.<\/p>\n<p>&nbsp;<\/p>\n<p>Sus restos no ser\u00e1n velados y ser\u00e1n cremados en crematorio Pinos de Paz en d\u00eda y horario a confirmar. Vecina de barrio Luj\u00e1n. Nacida en Crotto, residente de la ciudad de Olavarr\u00eda. Docente jubilada. Se desempe\u00f1\u00f3 como Inspectora-Jefe Distrital de Olavarr\u00eda e Inspectora de Educaci\u00f3n F\u00edsica de Olavarr\u00eda y Bol\u00edvar.<\/p>\n","protected":false},"excerpt":{"rendered":"<p>Falleci\u00f3 en La Plata el 26 de julio a los 53 a\u00f1os. Su esposo Jos\u00e9 Omar Cortavarria; su hijos Mar\u00eda<\/p>\n","protected":false},"author":5,"featured_media":0,"comment_status":"closed","ping_status":"closed","sticky":false,"template":"","format":"standard","meta":{"_jetpack_memberships_contains_paid_content":false,"footnotes":""},"categories":[10],"tags":[],"class_list":["post-27742","post","type-post","status-publish","format-standard","hentry","category-necrologicas"],"jetpack_featured_media_url":"","jetpack_sharing_enabled":true,"_links":{"self":[{"href":"https:\/\/cdnoticias.com\/index.php\/wp-json\/wp\/v2\/posts\/27742","targetHints":{"allow":["GET"]}}],"collection":[{"href":"https:\/\/cdnoticias.com\/index.php\/wp-json\/wp\/v2\/posts"}],"about":[{"href":"https:\/\/cdnoticias.com\/index.php\/wp-json\/wp\/v2\/types\/post"}],"author":[{"embeddable":true,"href":"https:\/\/cdnoticias.com\/index.php\/wp-json\/wp\/v2\/users\/5"}],"replies":[{"embeddable":true,"href":"https:\/\/cdnoticias.com\/index.php\/wp-json\/wp\/v2\/comments?post=27742"}],"version-history":[{"count":0,"href":"https:\/\/cdnoticias.com\/index.php\/wp-json\/wp\/v2\/posts\/27742\/revisions"}],"wp:attachment":[{"href":"https:\/\/cdnoticias.com\/index.php\/wp-json\/wp\/v2\/media?parent=27742"}],"wp:term":[{"taxonomy":"category","embeddable":true,"href":"https:\/\/cdnoticias.com\/index.php\/wp-json\/wp\/v2\/categories?post=27742"},{"taxonomy":"post_tag","embeddable":true,"href":"https:\/\/cdnoticias.com\/index.php\/wp-json\/wp\/v2\/tags?post=27742"}],"curies":[{"name":"wp","href":"https:\/\/api.w.org\/{rel}","templated":true}]}}