{"id":27731,"date":"2021-07-27T13:37:22","date_gmt":"2021-07-27T16:37:22","guid":{"rendered":"http:\/\/www.centraldenoticias.com.ar\/?p=27731"},"modified":"2021-07-27T14:27:11","modified_gmt":"2021-07-27T17:27:11","slug":"infracom-anuncio-que-hinojo-tendra-red-de-fibra-optica","status":"publish","type":"post","link":"https:\/\/cdnoticias.com\/index.php\/2021\/07\/27\/infracom-anuncio-que-hinojo-tendra-red-de-fibra-optica\/","title":{"rendered":"Infracom anunci\u00f3 que Hinojo tendr\u00e1 red de fibra \u00f3ptica"},"content":{"rendered":"<p>Tendr\u00e1 100MB de velocidad y se prev\u00e9 que entre en funcionamiento en 30 d\u00edas. Ser\u00e1 el \u00fanico servicio en la localidad. La inversi\u00f3n es de 5 millones de d\u00f3lares.\u00a0<!--more--><\/p>\n<hr \/>\n<p>Este martes en horas del mediod\u00eda,<strong> autoridades de Coopelectric, Infracom y el Municipio anunciaron en Hinojo la puesta en marcha del tendido de fibra \u00f3ptica de la localidad, que permitir\u00e1 tener internet a 100MB de velocidad, siendo el \u00fanico servicio disponible all\u00ed.<\/strong><\/p>\n<p>&nbsp;<\/p>\n<p>Estuvieron presentes, adem\u00e1s del Intendente Galli, el presidente del Concejo Deliberante Bruno Cenizo, el secretario de Desarrollo Humano y Calidad de Vida de la Municipalidad Diego Robbiani, el presidente de Infracom Olavarr\u00eda Pablo Bressano, el presidente del Consejo de Administraci\u00f3n de Coopelectric Ignacio Aramburu y el delegado municipal del Consejo de Administraci\u00f3n de la firma Carlos Coscia.<\/p>\n<p>&nbsp;<\/p>\n<p>Tambi\u00e9n acompa\u00f1\u00f3 la recorrida el hist\u00f3rico dirigente de la Lista Amarilla de Coopelectric, Mario Cura.<\/p>\n<p>&nbsp;<\/p>\n<p><img data-recalc-dims=\"1\" loading=\"lazy\" decoding=\"async\" class=\"alignnone size-large wp-image-27732\" src=\"https:\/\/i0.wp.com\/cdnoticias.com\/wp-content\/uploads\/2021\/07\/WhatsApp-Image-2021-07-27-at-12.28.45.jpeg?resize=800%2C600&#038;ssl=1\" alt=\"\" width=\"800\" height=\"600\" srcset=\"https:\/\/i0.wp.com\/cdnoticias.com\/wp-content\/uploads\/2021\/07\/WhatsApp-Image-2021-07-27-at-12.28.45.jpeg?resize=1024%2C768&amp;ssl=1 1024w, https:\/\/i0.wp.com\/cdnoticias.com\/wp-content\/uploads\/2021\/07\/WhatsApp-Image-2021-07-27-at-12.28.45.jpeg?resize=300%2C225&amp;ssl=1 300w, https:\/\/i0.wp.com\/cdnoticias.com\/wp-content\/uploads\/2021\/07\/WhatsApp-Image-2021-07-27-at-12.28.45.jpeg?resize=768%2C576&amp;ssl=1 768w, https:\/\/i0.wp.com\/cdnoticias.com\/wp-content\/uploads\/2021\/07\/WhatsApp-Image-2021-07-27-at-12.28.45.jpeg?w=1600&amp;ssl=1 1600w\" sizes=\"auto, (max-width: 800px) 100vw, 800px\" \/><\/p>\n<p>&nbsp;<\/p>\n<p>Pablo Bressano se mostr\u00f3 <em>\u201corgulloso de poder venir a <\/em><em>Hinojo con los mismos valores que en Olavarr\u00eda\u201d<\/em> y habl\u00f3 de la importancia del teletrabajo y del estudio desde la casa con la pandemia, motivantes para avanzar con estas obras: <strong><em>\u201cestamos avanzados, brindaremos un servicio de 100 megas de bajada y subida&#8221;<\/em> <\/strong>dijo, y record\u00f3 que es el <em>\u201c\u00fanico servicio de la localidad\u201d.<\/em><\/p>\n<p>&nbsp;<\/p>\n<blockquote><p>\u201cEs una gran noticia para la localidad de Hinojo. Hace unos dos a\u00f1os aproximadamente Pablo me vino a ver y me coment\u00f3 sus intenciones de empezar a invertir en Olavarr\u00eda, en un momento complejo para la Argentina\u201d, sostuvo el Intendente Galli a continuaci\u00f3n.<\/p><\/blockquote>\n<p>&nbsp;<\/p>\n<p><strong><em>\u201cCelebro este tipo de inversiones, porque genera empleo genuino y es lo que queremos para nuestro pa\u00eds\u201d<\/em><\/strong>, afirm\u00f3.<\/p>\n<p>&nbsp;<\/p>\n<p><img data-recalc-dims=\"1\" loading=\"lazy\" decoding=\"async\" class=\"alignnone size-large wp-image-27734\" src=\"https:\/\/i0.wp.com\/cdnoticias.com\/wp-content\/uploads\/2021\/07\/WhatsApp-Image-2021-07-27-at-12.25.13.jpeg?resize=800%2C600&#038;ssl=1\" alt=\"\" width=\"800\" height=\"600\" srcset=\"https:\/\/i0.wp.com\/cdnoticias.com\/wp-content\/uploads\/2021\/07\/WhatsApp-Image-2021-07-27-at-12.25.13.jpeg?resize=1024%2C768&amp;ssl=1 1024w, https:\/\/i0.wp.com\/cdnoticias.com\/wp-content\/uploads\/2021\/07\/WhatsApp-Image-2021-07-27-at-12.25.13.jpeg?resize=300%2C225&amp;ssl=1 300w, https:\/\/i0.wp.com\/cdnoticias.com\/wp-content\/uploads\/2021\/07\/WhatsApp-Image-2021-07-27-at-12.25.13.jpeg?resize=768%2C576&amp;ssl=1 768w, https:\/\/i0.wp.com\/cdnoticias.com\/wp-content\/uploads\/2021\/07\/WhatsApp-Image-2021-07-27-at-12.25.13.jpeg?w=1600&amp;ssl=1 1600w\" sizes=\"auto, (max-width: 800px) 100vw, 800px\" \/><\/p>\n<p>&nbsp;<\/p>\n<p><em>\u201cDesde un primer momento nos pusimos a disposici\u00f3n, desde el equipo de la Municipalidad para trabajar en conjunto y poder lograr lo que ya se est\u00e1 logrando en Olavarr\u00eda, que es el avance de la fibra en diferentes barrios de la ciudad, con la intenci\u00f3n de llegar a todo el casco urbano, con una inversi\u00f3n muy importante\u201d<\/em>, resalt\u00f3.<\/p>\n<p>&nbsp;<\/p>\n<p><strong><em>\u201cPablo me coment\u00f3 que ten\u00eda la idea de empezar a trabajar con el mismo esquema para la localidad de Hinojo, donde sab\u00edamos que la conectividad no era de lo mejor, por una cuesti\u00f3n de distancia, de falta de fibra \u00f3ptica\u201d<\/em><\/strong>, agreg\u00f3.<\/p>\n<p>&nbsp;<\/p>\n<p><em>\u201cCreemos que le va a dar un cambio important\u00edsimo en este momento donde lo digital avanza cada d\u00eda un poco m\u00e1s, va a mejorar la calidad de vida de los vecinos, no s\u00f3lo para el trabajo, sino para la conectividad de los chicos, en el marco de la educaci\u00f3n virtual. Mucha gente que est\u00e1 estudiando y que se ha venido a Olavarr\u00eda, le permitir\u00e1 seguir trabajando o estudiando de manera virtual\u201d<\/em>, se\u00f1al\u00f3 el Intendente.<\/p>\n<p>&nbsp;<\/p>\n<p>Cabe se\u00f1alar que, entre la obra de fibra \u00f3ptica del centro, los barrios Luj\u00e1n, Pueblo Nuevo y la localidad de Hinojo, <strong>la inversi\u00f3n total es de 5 millones de d\u00f3lares. El plazo de obra para finalizar los trabajos en la localidad de Hinojo es de 30 d\u00edas.<\/strong><\/p>\n","protected":false},"excerpt":{"rendered":"<p>Tendr\u00e1 100MB de velocidad y se prev\u00e9 que entre en funcionamiento en 30 d\u00edas. Ser\u00e1 el \u00fanico servicio en la<\/p>\n","protected":false},"author":4,"featured_media":27733,"comment_status":"closed","ping_status":"closed","sticky":false,"template":"","format":"standard","meta":{"_jetpack_memberships_contains_paid_content":false,"footnotes":""},"categories":[5,1],"tags":[],"class_list":["post-27731","post","type-post","status-publish","format-standard","has-post-thumbnail","hentry","category-informacion-general","category-portada"],"jetpack_featured_media_url":"https:\/\/i0.wp.com\/cdnoticias.com\/wp-content\/uploads\/2021\/07\/WhatsApp-Image-2021-07-27-at-12.23.25.jpeg?fit=1600%2C1200&ssl=1","jetpack_sharing_enabled":true,"_links":{"self":[{"href":"https:\/\/cdnoticias.com\/index.php\/wp-json\/wp\/v2\/posts\/27731","targetHints":{"allow":["GET"]}}],"collection":[{"href":"https:\/\/cdnoticias.com\/index.php\/wp-json\/wp\/v2\/posts"}],"about":[{"href":"https:\/\/cdnoticias.com\/index.php\/wp-json\/wp\/v2\/types\/post"}],"author":[{"embeddable":true,"href":"https:\/\/cdnoticias.com\/index.php\/wp-json\/wp\/v2\/users\/4"}],"replies":[{"embeddable":true,"href":"https:\/\/cdnoticias.com\/index.php\/wp-json\/wp\/v2\/comments?post=27731"}],"version-history":[{"count":0,"href":"https:\/\/cdnoticias.com\/index.php\/wp-json\/wp\/v2\/posts\/27731\/revisions"}],"wp:featuredmedia":[{"embeddable":true,"href":"https:\/\/cdnoticias.com\/index.php\/wp-json\/wp\/v2\/media\/27733"}],"wp:attachment":[{"href":"https:\/\/cdnoticias.com\/index.php\/wp-json\/wp\/v2\/media?parent=27731"}],"wp:term":[{"taxonomy":"category","embeddable":true,"href":"https:\/\/cdnoticias.com\/index.php\/wp-json\/wp\/v2\/categories?post=27731"},{"taxonomy":"post_tag","embeddable":true,"href":"https:\/\/cdnoticias.com\/index.php\/wp-json\/wp\/v2\/tags?post=27731"}],"curies":[{"name":"wp","href":"https:\/\/api.w.org\/{rel}","templated":true}]}}