{"id":27713,"date":"2021-07-27T11:35:07","date_gmt":"2021-07-27T14:35:07","guid":{"rendered":"http:\/\/www.centraldenoticias.com.ar\/?p=27713"},"modified":"2021-07-27T11:36:32","modified_gmt":"2021-07-27T14:36:32","slug":"no-hay-mas-municipios-en-fase-2-en-la-provincia","status":"publish","type":"post","link":"https:\/\/cdnoticias.com\/index.php\/2021\/07\/27\/no-hay-mas-municipios-en-fase-2-en-la-provincia\/","title":{"rendered":"No hay m\u00e1s municipios en fase 2 en la Provincia"},"content":{"rendered":"<p>Solo est\u00e1n activas las fases 3 y 4. En esta \u00faltima permanece Olavarr\u00eda. Cambios en la normativa del sistema de fases y ampliaci\u00f3n del aforo para comercios: llega al 50% y 70%.<!--more--><\/p>\n<hr \/>\n<p><strong>En la Provincia ya no habr\u00e1 municipios en la fase 2, de alerta epidemiol\u00f3gica por la pandemia<\/strong>: desde este martes se cuentan<strong> 65 distritos en fase 3 y otros 70 en fase 4, entre ellos Olavarr\u00eda<\/strong> que se mantiene all\u00ed desde hace dos meses.<\/p>\n<p>&nbsp;<\/p>\n<p>Este cambio se debe a modificaciones en las disposiciones sobre el sistema de fases provincial, tal como lo anunci\u00f3<strong> el jefe de Gabinete, Carlos Bianco<\/strong>, en la conferencia sobre la situaci\u00f3n sanitaria que <strong>fue encabezada por el gobernador Axel Kicillof<\/strong> y el <strong>ministro de Salud Goll\u00e1n<\/strong>. En el \u00e1mbito sanitario se resalt\u00f3 que se alcanz\u00f3 la <a href=\"https:\/\/cdnoticias.com\/index.php\/2021\/07\/26\/covid-descenso-acumulado-de-70-de-los-casos-en-la-provincia\/\" target=\"_blank\" rel=\"noopener\">novena semana consecutiva de baja de casos<\/a>.<\/p>\n<p>&nbsp;<\/p>\n<p>En ese sentido se resalt\u00f3 que <strong>desde el lunes habr\u00e1 clases presenciales en toda la provincia de Buenos Aires<\/strong>. A su vez, se adelant\u00f3 que <strong>se ampliar\u00e1 el aforo permitido en las actividades en espacios cerrados<\/strong>, lo cual centralmente beneficiar\u00e1 al funcionamiento de locales tales como bares, restaurantes, cines y gimnasios.<\/p>\n<p><img data-recalc-dims=\"1\" loading=\"lazy\" decoding=\"async\" class=\"size-full wp-image-27719 aligncenter\" src=\"https:\/\/i0.wp.com\/cdnoticias.com\/wp-content\/uploads\/2021\/07\/conferencia-bianco-01.jpg?resize=764%2C425&#038;ssl=1\" alt=\"\" width=\"764\" height=\"425\" srcset=\"https:\/\/i0.wp.com\/cdnoticias.com\/wp-content\/uploads\/2021\/07\/conferencia-bianco-01.jpg?w=764&amp;ssl=1 764w, https:\/\/i0.wp.com\/cdnoticias.com\/wp-content\/uploads\/2021\/07\/conferencia-bianco-01.jpg?resize=300%2C167&amp;ssl=1 300w\" sizes=\"auto, (max-width: 764px) 100vw, 764px\" \/><\/p>\n<p>&nbsp;<\/p>\n<p><strong>Fases<\/strong><\/p>\n<p>&nbsp;<\/p>\n<p>Bianco se refiri\u00f3 a <strong>las \u201cmodificaciones normativas que implican cambios de los distritos\u201d<\/strong> para adelantar que en breve se publicar\u00e1 una nueva resoluci\u00f3n de Jefatura de Gabinete de ministros que adecuar\u00e1 la aplicaci\u00f3n de los indicadores establecidos para la fase de alarma epidemiol\u00f3gica (fase 2) \u2013tasa de incidencia superior a 500 casos cada 100.000 habitante u ocupaci\u00f3n de camas UTI superior a 80%- s\u00f3lo a distritos y aglomerados de m\u00e1s de 300.000 habitantes.<\/p>\n<p>&nbsp;<\/p>\n<blockquote><p>\u201cLa fase 2 en la provincia deja de estar activa. No habr\u00e1 desde hoy m\u00e1s distritos en fase 2, y 13 distritos pasan a fase 3\u201d inform\u00f3 Bianco. Entre los que pasar\u00e1n de fase se cuentan Bol\u00edvar y Pringles, ubicados en la regi\u00f3n centro bonaerense.<\/p><\/blockquote>\n<p>&nbsp;<\/p>\n<p><strong>\u201cA partir del lunes pr\u00f3ximo toda la provincia de Buenos Aires vuelve a clases presenciales\u201d<\/strong> a\u00f1adi\u00f3 el jefe de Gabinete.<\/p>\n<p>&nbsp;<\/p>\n<p>En tanto, indic\u00f3 que <strong>en fase 3 quedan 65 municipios y en fase 4, 70 distritos<\/strong>. Entre los 16 distritos que pasaron de fase 3 a fase 4 se cuentan<strong> Laprida, Rauch y Roque P\u00e9rez<\/strong>, de nuestra regi\u00f3n. <em>\u201cSon municipios con una tasa de incidencia menor a 250 casos cada 100.000 habitantes\u201d<\/em> inform\u00f3.<\/p>\n<p><img data-recalc-dims=\"1\" loading=\"lazy\" decoding=\"async\" class=\"size-full wp-image-27718 aligncenter\" src=\"https:\/\/i0.wp.com\/cdnoticias.com\/wp-content\/uploads\/2021\/07\/conferencia-00-1.jpg?resize=760%2C424&#038;ssl=1\" alt=\"\" width=\"760\" height=\"424\" srcset=\"https:\/\/i0.wp.com\/cdnoticias.com\/wp-content\/uploads\/2021\/07\/conferencia-00-1.jpg?w=760&amp;ssl=1 760w, https:\/\/i0.wp.com\/cdnoticias.com\/wp-content\/uploads\/2021\/07\/conferencia-00-1.jpg?resize=300%2C167&amp;ssl=1 300w\" sizes=\"auto, (max-width: 760px) 100vw, 760px\" \/><\/p>\n<p>&nbsp;<\/p>\n<p><strong>Ampliaci\u00f3n de aforo<\/strong><\/p>\n<p>&nbsp;<\/p>\n<p>Desde este martes rige la<strong> \u201campliaci\u00f3n de los aforos en espacios cerrados, para las fases 3 y 4\u201d<\/strong>.<\/p>\n<p>&nbsp;<\/p>\n<blockquote><p>En fase 3 se permitir\u00e1 un aforo de 30% libre y llega a 50% con personas vacunadas. El horario de corte nocturno ser\u00e1 a las 23 horas.\u00a0En los municipios en fase 4, se permitir\u00e1 aforo de 50% libre m\u00e1s 20% adicional de vacunados, con l\u00edmite nocturno a las 0 horas.<\/p><\/blockquote>\n<p>&nbsp;<\/p>\n<p>Los lugares y actividades en los que tendr\u00e1 regencia este aforo son: <strong>restaurantes, bares, cines, teatros, shoppings, centros comerciales, ferias, eventos religiosos, museos, bibliotecas, natatorios y gimnasios<\/strong>.<\/p>\n<p>&nbsp;<\/p>\n<p><strong>\u201cEsto va a tener que ser controlado por cada comercio y por los municipios\u201d<\/strong> aclar\u00f3 el jefe de Gabinete, para agregar que \u201cla forma de comprobar si una persona est\u00e1 o no vacunada es mostrar la app Vacunate o la aplicaci\u00f3n Mi Argentina, o llevando el cart\u00f3n que se entrega en cada jurisdicci\u00f3n con la aplicaci\u00f3n de dosis\u201d.<\/p>\n","protected":false},"excerpt":{"rendered":"<p>Solo est\u00e1n activas las fases 3 y 4. En esta \u00faltima permanece Olavarr\u00eda. Cambios en la normativa del sistema de<\/p>\n","protected":false},"author":4,"featured_media":27720,"comment_status":"closed","ping_status":"closed","sticky":false,"template":"","format":"standard","meta":{"_jetpack_memberships_contains_paid_content":false,"footnotes":""},"categories":[6,1],"tags":[],"class_list":["post-27713","post","type-post","status-publish","format-standard","has-post-thumbnail","hentry","category-nacionales","category-portada"],"jetpack_featured_media_url":"https:\/\/i0.wp.com\/cdnoticias.com\/wp-content\/uploads\/2021\/07\/conferencia-fases-1.jpg?fit=1050%2C584&ssl=1","jetpack_sharing_enabled":true,"_links":{"self":[{"href":"https:\/\/cdnoticias.com\/index.php\/wp-json\/wp\/v2\/posts\/27713","targetHints":{"allow":["GET"]}}],"collection":[{"href":"https:\/\/cdnoticias.com\/index.php\/wp-json\/wp\/v2\/posts"}],"about":[{"href":"https:\/\/cdnoticias.com\/index.php\/wp-json\/wp\/v2\/types\/post"}],"author":[{"embeddable":true,"href":"https:\/\/cdnoticias.com\/index.php\/wp-json\/wp\/v2\/users\/4"}],"replies":[{"embeddable":true,"href":"https:\/\/cdnoticias.com\/index.php\/wp-json\/wp\/v2\/comments?post=27713"}],"version-history":[{"count":0,"href":"https:\/\/cdnoticias.com\/index.php\/wp-json\/wp\/v2\/posts\/27713\/revisions"}],"wp:featuredmedia":[{"embeddable":true,"href":"https:\/\/cdnoticias.com\/index.php\/wp-json\/wp\/v2\/media\/27720"}],"wp:attachment":[{"href":"https:\/\/cdnoticias.com\/index.php\/wp-json\/wp\/v2\/media?parent=27713"}],"wp:term":[{"taxonomy":"category","embeddable":true,"href":"https:\/\/cdnoticias.com\/index.php\/wp-json\/wp\/v2\/categories?post=27713"},{"taxonomy":"post_tag","embeddable":true,"href":"https:\/\/cdnoticias.com\/index.php\/wp-json\/wp\/v2\/tags?post=27713"}],"curies":[{"name":"wp","href":"https:\/\/api.w.org\/{rel}","templated":true}]}}