{"id":27701,"date":"2021-07-27T08:15:36","date_gmt":"2021-07-27T11:15:36","guid":{"rendered":"http:\/\/www.centraldenoticias.com.ar\/?p=27701"},"modified":"2021-07-27T08:15:36","modified_gmt":"2021-07-27T11:15:36","slug":"anibal-roberto-jauregui-q-e-p-d","status":"publish","type":"post","link":"https:\/\/cdnoticias.com\/index.php\/2021\/07\/27\/anibal-roberto-jauregui-q-e-p-d\/","title":{"rendered":"An\u00edbal Roberto J\u00e1uregui (Q.E.P.D.)"},"content":{"rendered":"<p>Falleci\u00f3 en Olavarr\u00eda el d\u00eda 27 de Julio de 2021 a los 81 a\u00f1os de edad.<\/p>\n<p>&nbsp;<\/p>\n<p>Su esposa Ana Maria Moglia. Sus hijos Facundo, Gonzalo, Gabriela y Lisandro J\u00e1uregui. Sus hijos pol\u00edticos Ver\u00f3nica, Matilde, Santiago y Maria Elena. Sus nietos Juan, Martin, Guadalupe, Felicitas, Bautista, Chabela, Ignacio, Joaqu\u00edn, Justo, Segundo, Bartolom\u00e9 y Emilio. Sus hermanos Mercedes y Oscar. Su hermana pol\u00edtica Nelita. Sus sobrinos y dem\u00e1s deudos participan su fallecimiento.<\/p>\n<p>&nbsp;<\/p>\n<p>Velatorio: Espa\u00f1a 2942 departamento &#8220;C&#8221;. La sala se habilita a las 14:30 horas. Responso: Capilla ardiente. Inhumaci\u00f3n: Cementerio Loma de Paz, lunes 27 de julio a las 16:30 horas. Servicio adherido a Coopelectric.<\/p>\n<p>&nbsp;<\/p>\n<p>Barrio en el que viv\u00eda: Vecino de Barrio San Vicente.<\/p>\n<p>&nbsp;<\/p>\n<p>Lugar de nacimiento: Nacido en Guamin\u00ed.<\/p>\n<p>&nbsp;<\/p>\n<p>Actividad que desarrollaba: Jubilado Arquitecto.<\/p>\n","protected":false},"excerpt":{"rendered":"<p>Falleci\u00f3 en Olavarr\u00eda el d\u00eda 27 de Julio de 2021 a los 81 a\u00f1os de edad. &nbsp; Su esposa Ana<\/p>\n","protected":false},"author":4,"featured_media":0,"comment_status":"closed","ping_status":"closed","sticky":false,"template":"","format":"standard","meta":{"_jetpack_memberships_contains_paid_content":false,"footnotes":""},"categories":[10],"tags":[],"class_list":["post-27701","post","type-post","status-publish","format-standard","hentry","category-necrologicas"],"jetpack_featured_media_url":"","jetpack_sharing_enabled":true,"_links":{"self":[{"href":"https:\/\/cdnoticias.com\/index.php\/wp-json\/wp\/v2\/posts\/27701","targetHints":{"allow":["GET"]}}],"collection":[{"href":"https:\/\/cdnoticias.com\/index.php\/wp-json\/wp\/v2\/posts"}],"about":[{"href":"https:\/\/cdnoticias.com\/index.php\/wp-json\/wp\/v2\/types\/post"}],"author":[{"embeddable":true,"href":"https:\/\/cdnoticias.com\/index.php\/wp-json\/wp\/v2\/users\/4"}],"replies":[{"embeddable":true,"href":"https:\/\/cdnoticias.com\/index.php\/wp-json\/wp\/v2\/comments?post=27701"}],"version-history":[{"count":0,"href":"https:\/\/cdnoticias.com\/index.php\/wp-json\/wp\/v2\/posts\/27701\/revisions"}],"wp:attachment":[{"href":"https:\/\/cdnoticias.com\/index.php\/wp-json\/wp\/v2\/media?parent=27701"}],"wp:term":[{"taxonomy":"category","embeddable":true,"href":"https:\/\/cdnoticias.com\/index.php\/wp-json\/wp\/v2\/categories?post=27701"},{"taxonomy":"post_tag","embeddable":true,"href":"https:\/\/cdnoticias.com\/index.php\/wp-json\/wp\/v2\/tags?post=27701"}],"curies":[{"name":"wp","href":"https:\/\/api.w.org\/{rel}","templated":true}]}}