{"id":27694,"date":"2021-07-26T19:32:06","date_gmt":"2021-07-26T22:32:06","guid":{"rendered":"http:\/\/www.centraldenoticias.com.ar\/?p=27694"},"modified":"2021-07-26T19:32:06","modified_gmt":"2021-07-26T22:32:06","slug":"isabel-ana-martina-viuda-de-lerda-chocha-q-e-p-d","status":"publish","type":"post","link":"https:\/\/cdnoticias.com\/index.php\/2021\/07\/26\/isabel-ana-martina-viuda-de-lerda-chocha-q-e-p-d\/","title":{"rendered":"Isabel Ana Martina viuda de Lerda &#8220;Chocha&#8221; (Q.E.P.D.)"},"content":{"rendered":"<p>Falleci\u00f3 en Olavarr\u00eda el d\u00eda 26 de Julio de 2021 a los 88 a\u00f1os de edad. Sus hijas M\u00f3nica y Claudia Lerda, su hijo pol\u00edtico Eduardo De Martino, sus nietos Santiago, Mat\u00edas y Daniela de Martino; Antonella y Agustina Llaguno; sus nietos pol\u00edticos; sus bisnietos: Luca, Juan Manuel De Martino y dem\u00e1s deudos participan su fallecimiento.<\/p>\n<p>&nbsp;<\/p>\n<p>Sus restos ser\u00e1n velados y cremados en fecha a confirmar.<\/p>\n<p>&nbsp;<\/p>\n<p>Nacida en C\u00f3rdoba, vecina del barrio San Vicente. Jubilada y Pensionada<\/p>\n<p>&nbsp;<\/p>\n","protected":false},"excerpt":{"rendered":"<p>Falleci\u00f3 en Olavarr\u00eda el d\u00eda 26 de Julio de 2021 a los 88 a\u00f1os de edad. Sus hijas M\u00f3nica y<\/p>\n","protected":false},"author":3,"featured_media":0,"comment_status":"closed","ping_status":"closed","sticky":false,"template":"","format":"standard","meta":{"_jetpack_memberships_contains_paid_content":false,"footnotes":""},"categories":[10],"tags":[],"class_list":["post-27694","post","type-post","status-publish","format-standard","hentry","category-necrologicas"],"jetpack_featured_media_url":"","jetpack_sharing_enabled":true,"_links":{"self":[{"href":"https:\/\/cdnoticias.com\/index.php\/wp-json\/wp\/v2\/posts\/27694","targetHints":{"allow":["GET"]}}],"collection":[{"href":"https:\/\/cdnoticias.com\/index.php\/wp-json\/wp\/v2\/posts"}],"about":[{"href":"https:\/\/cdnoticias.com\/index.php\/wp-json\/wp\/v2\/types\/post"}],"author":[{"embeddable":true,"href":"https:\/\/cdnoticias.com\/index.php\/wp-json\/wp\/v2\/users\/3"}],"replies":[{"embeddable":true,"href":"https:\/\/cdnoticias.com\/index.php\/wp-json\/wp\/v2\/comments?post=27694"}],"version-history":[{"count":0,"href":"https:\/\/cdnoticias.com\/index.php\/wp-json\/wp\/v2\/posts\/27694\/revisions"}],"wp:attachment":[{"href":"https:\/\/cdnoticias.com\/index.php\/wp-json\/wp\/v2\/media?parent=27694"}],"wp:term":[{"taxonomy":"category","embeddable":true,"href":"https:\/\/cdnoticias.com\/index.php\/wp-json\/wp\/v2\/categories?post=27694"},{"taxonomy":"post_tag","embeddable":true,"href":"https:\/\/cdnoticias.com\/index.php\/wp-json\/wp\/v2\/tags?post=27694"}],"curies":[{"name":"wp","href":"https:\/\/api.w.org\/{rel}","templated":true}]}}