{"id":27661,"date":"2021-07-26T13:34:01","date_gmt":"2021-07-26T21:03:45","guid":{"rendered":"http:\/\/www.centraldenoticias.com.ar\/?p=27661"},"modified":"2025-01-27T21:57:42","modified_gmt":"2025-01-28T00:57:42","slug":"video-agustin-vernice-desde-tokio-rutina-y-saludos-a-la-ciudad","status":"publish","type":"post","link":"https:\/\/cdnoticias.com\/index.php\/2021\/07\/26\/video-agustin-vernice-desde-tokio-rutina-y-saludos-a-la-ciudad\/","title":{"rendered":"Video: Agust\u00edn Vernice desde Tokio, rutina y saludos a la Ciudad"},"content":{"rendered":"<p>El palista olavarriense que se prepara para debutar en los Juegos Ol\u00edmpico mostr\u00f3 c\u00f3mo es un d\u00eda de preparaci\u00f3n en Jap\u00f3n.<!--more--><\/p>\n<hr \/>\n<p>Agust\u00edn Vernice envi\u00f3 un video a Central de Deportes contando como es la cotidianeidad en Tokio, los entrenamientos y la imposibilidad de conocer los emblem\u00e1ticos lugares tur\u00edsticos de la ciudad organizadora de la m\u00e1xima cita mundial.<\/p>\n<p>&nbsp;<\/p>\n<p>Al igual que el d\u00eda de la inauguraci\u00f3n que envi\u00f3 saludos a Olavarr\u00eda por la TV P\u00fablica, el deportista del Club Estudiantes salud\u00f3 a la Ciudad e invit\u00f3 a pronto festejar.<\/p>\n<p>&nbsp;<\/p>\n<p>El video completo:<\/p>\n<p>&nbsp;<\/p>\n<p>[embedyt] https:\/\/www.youtube.com\/watch?v=fmERKjaTbTY[\/embedyt]<\/p>\n","protected":false},"excerpt":{"rendered":"<p>El palista olavarriense que se prepara para debutar en los Juegos Ol\u00edmpico mostr\u00f3 c\u00f3mo es un d\u00eda de preparaci\u00f3n en<\/p>\n","protected":false},"author":96739694,"featured_media":142872,"comment_status":"closed","ping_status":"closed","sticky":false,"template":"","format":"standard","meta":{"_jetpack_memberships_contains_paid_content":false,"footnotes":""},"categories":[30,1],"tags":[],"class_list":["post-27661","post","type-post","status-publish","format-standard","has-post-thumbnail","hentry","category-polideportivo","category-portada"],"jetpack_featured_media_url":"https:\/\/i0.wp.com\/cdnoticias.com\/wp-content\/uploads\/2021\/07\/verniceportada2.png?fit=800%2C445&ssl=1","jetpack_sharing_enabled":true,"_links":{"self":[{"href":"https:\/\/cdnoticias.com\/index.php\/wp-json\/wp\/v2\/posts\/27661","targetHints":{"allow":["GET"]}}],"collection":[{"href":"https:\/\/cdnoticias.com\/index.php\/wp-json\/wp\/v2\/posts"}],"about":[{"href":"https:\/\/cdnoticias.com\/index.php\/wp-json\/wp\/v2\/types\/post"}],"author":[{"embeddable":true,"href":"https:\/\/cdnoticias.com\/index.php\/wp-json\/wp\/v2\/users\/96739694"}],"replies":[{"embeddable":true,"href":"https:\/\/cdnoticias.com\/index.php\/wp-json\/wp\/v2\/comments?post=27661"}],"version-history":[{"count":0,"href":"https:\/\/cdnoticias.com\/index.php\/wp-json\/wp\/v2\/posts\/27661\/revisions"}],"wp:featuredmedia":[{"embeddable":true,"href":"https:\/\/cdnoticias.com\/index.php\/wp-json\/wp\/v2\/media\/142872"}],"wp:attachment":[{"href":"https:\/\/cdnoticias.com\/index.php\/wp-json\/wp\/v2\/media?parent=27661"}],"wp:term":[{"taxonomy":"category","embeddable":true,"href":"https:\/\/cdnoticias.com\/index.php\/wp-json\/wp\/v2\/categories?post=27661"},{"taxonomy":"post_tag","embeddable":true,"href":"https:\/\/cdnoticias.com\/index.php\/wp-json\/wp\/v2\/tags?post=27661"}],"curies":[{"name":"wp","href":"https:\/\/api.w.org\/{rel}","templated":true}]}}