{"id":27654,"date":"2021-07-26T13:58:37","date_gmt":"2021-07-26T16:58:37","guid":{"rendered":"http:\/\/www.centraldenoticias.com.ar\/?p=27654"},"modified":"2021-07-26T16:21:11","modified_gmt":"2021-07-26T19:21:11","slug":"comenzo-la-primera-etapa-de-pavimentacion-de-calles-de-los-fresnos","status":"publish","type":"post","link":"https:\/\/cdnoticias.com\/index.php\/2021\/07\/26\/comenzo-la-primera-etapa-de-pavimentacion-de-calles-de-los-fresnos\/","title":{"rendered":"Comenz\u00f3 la primera etapa de pavimentaci\u00f3n de calles de Los Fresnos"},"content":{"rendered":"<p>El Intendente recorri\u00f3 con los flamantes candidatos del espacio la obra del Sector Industrial Planificado. La inversi\u00f3n es de 8.933.600 pesos.\u00a0<!--more--><\/p>\n<hr \/>\n<p>En la ma\u00f1ana de este lunes, el intendente Ezequiel Galli encabez\u00f3 una recorrida por el <strong>Sector Industrial Planificado \u201cLos Fresnos\u201d, donde se inici\u00f3 recientemente la primera etapa de pavimentaci\u00f3n, con una inversi\u00f3n que asciende a los 8.933.600 pesos.<\/strong><\/p>\n<p>&nbsp;<\/p>\n<blockquote><p>Durante la visita, el Intendente estuvo acompa\u00f1ado por los flamantes candidatos del espacio Juntos: se trata del Presidente del Concejo Deliberante Bruno Cenizo y el secretario de Desarrollo Humano y Calidad de Vida Diego Robbiani.<\/p><\/blockquote>\n<p>&nbsp;<\/p>\n<p>Al respecto, Ezequiel Galli destac\u00f3 la obra y dijo que<em> \u201c<strong>es una de las obras m\u00e1s importantes que estamos realizando porque este sector es clave para el desarrollo industrial de nuestro Partido.<\/strong> Tenemos una econom\u00eda muy diversificada y ponemos mucha atenci\u00f3n en la industria porque es un sector que genera mucha mano de obra genuina y calificada que dinamiza el consumo local\u201d, agreg\u00f3.<\/em><\/p>\n<p>&nbsp;<\/p>\n<p><img data-recalc-dims=\"1\" loading=\"lazy\" decoding=\"async\" class=\"alignnone size-large wp-image-27656\" src=\"https:\/\/i0.wp.com\/cdnoticias.com\/wp-content\/uploads\/2021\/07\/Obras-Pavimentacion-Los-Fresnos-4-scaled.jpg?resize=800%2C534&#038;ssl=1\" alt=\"\" width=\"800\" height=\"534\" srcset=\"https:\/\/i0.wp.com\/cdnoticias.com\/wp-content\/uploads\/2021\/07\/Obras-Pavimentacion-Los-Fresnos-4-scaled.jpg?resize=1024%2C684&amp;ssl=1 1024w, https:\/\/i0.wp.com\/cdnoticias.com\/wp-content\/uploads\/2021\/07\/Obras-Pavimentacion-Los-Fresnos-4-scaled.jpg?resize=300%2C201&amp;ssl=1 300w, https:\/\/i0.wp.com\/cdnoticias.com\/wp-content\/uploads\/2021\/07\/Obras-Pavimentacion-Los-Fresnos-4-scaled.jpg?resize=768%2C513&amp;ssl=1 768w, https:\/\/i0.wp.com\/cdnoticias.com\/wp-content\/uploads\/2021\/07\/Obras-Pavimentacion-Los-Fresnos-4-scaled.jpg?resize=272%2C182&amp;ssl=1 272w, https:\/\/i0.wp.com\/cdnoticias.com\/wp-content\/uploads\/2021\/07\/Obras-Pavimentacion-Los-Fresnos-4-scaled.jpg?w=1600&amp;ssl=1 1600w, https:\/\/i0.wp.com\/cdnoticias.com\/wp-content\/uploads\/2021\/07\/Obras-Pavimentacion-Los-Fresnos-4-scaled.jpg?w=2400&amp;ssl=1 2400w\" sizes=\"auto, (max-width: 800px) 100vw, 800px\" \/><\/p>\n<p>&nbsp;<\/p>\n<p>Se indic\u00f3 que previo a la pavimentaci\u00f3n, desde la gesti\u00f3n municipal se llevaron adelante diferentes obras para dotar de infraestructura el Sector Industrial Planificado \u201cLos Fresnos\u201d, que consistieron en apertura de calles, electricidad, agua y gas.<\/p>\n<p>&nbsp;<\/p>\n<p><strong>Las calles a pavimentar ser\u00e1n de 7,50 metros de ancho y permitir\u00e1n que industriales que han adquirido lotes en el sector puedan comenzar a instalar sus industrias.<\/strong><\/p>\n<p>&nbsp;<\/p>\n<p>T\u00e9cnicamente, el paquete estructural del pavimento estar\u00e1 constituido por una base de tosca compactada, sobre la que se realizar\u00e1 un suelo cemento de 0,18 metros de espesor, para posteriormente construir el pavimento de hormig\u00f3n simple de 0,23 metros de espesor.<strong> Se encuentra prevista, adem\u00e1s la construcci\u00f3n de banquinas de 3 metros de ancho.<\/strong><\/p>\n","protected":false},"excerpt":{"rendered":"<p>El Intendente recorri\u00f3 con los flamantes candidatos del espacio la obra del Sector Industrial Planificado. La inversi\u00f3n es de 8.933.600<\/p>\n","protected":false},"author":2,"featured_media":27655,"comment_status":"closed","ping_status":"closed","sticky":false,"template":"","format":"standard","meta":{"_jetpack_memberships_contains_paid_content":false,"footnotes":""},"categories":[5,1],"tags":[],"class_list":["post-27654","post","type-post","status-publish","format-standard","has-post-thumbnail","hentry","category-informacion-general","category-portada"],"jetpack_featured_media_url":"https:\/\/i0.wp.com\/cdnoticias.com\/wp-content\/uploads\/2021\/07\/Obras-Pavimentacion-Los-Fresnos-2-scaled.jpg?fit=2560%2C1711&ssl=1","jetpack_sharing_enabled":true,"_links":{"self":[{"href":"https:\/\/cdnoticias.com\/index.php\/wp-json\/wp\/v2\/posts\/27654","targetHints":{"allow":["GET"]}}],"collection":[{"href":"https:\/\/cdnoticias.com\/index.php\/wp-json\/wp\/v2\/posts"}],"about":[{"href":"https:\/\/cdnoticias.com\/index.php\/wp-json\/wp\/v2\/types\/post"}],"author":[{"embeddable":true,"href":"https:\/\/cdnoticias.com\/index.php\/wp-json\/wp\/v2\/users\/2"}],"replies":[{"embeddable":true,"href":"https:\/\/cdnoticias.com\/index.php\/wp-json\/wp\/v2\/comments?post=27654"}],"version-history":[{"count":0,"href":"https:\/\/cdnoticias.com\/index.php\/wp-json\/wp\/v2\/posts\/27654\/revisions"}],"wp:featuredmedia":[{"embeddable":true,"href":"https:\/\/cdnoticias.com\/index.php\/wp-json\/wp\/v2\/media\/27655"}],"wp:attachment":[{"href":"https:\/\/cdnoticias.com\/index.php\/wp-json\/wp\/v2\/media?parent=27654"}],"wp:term":[{"taxonomy":"category","embeddable":true,"href":"https:\/\/cdnoticias.com\/index.php\/wp-json\/wp\/v2\/categories?post=27654"},{"taxonomy":"post_tag","embeddable":true,"href":"https:\/\/cdnoticias.com\/index.php\/wp-json\/wp\/v2\/tags?post=27654"}],"curies":[{"name":"wp","href":"https:\/\/api.w.org\/{rel}","templated":true}]}}