{"id":27646,"date":"2021-07-26T13:43:26","date_gmt":"2021-07-26T16:43:26","guid":{"rendered":"http:\/\/www.centraldenoticias.com.ar\/?p=27646"},"modified":"2021-07-26T13:43:26","modified_gmt":"2021-07-26T16:43:26","slug":"el-productor-adolfo-laborde-y-el-ex-concejal-alejandro-gregorini-candidatos-por-espert","status":"publish","type":"post","link":"https:\/\/cdnoticias.com\/index.php\/2021\/07\/26\/el-productor-adolfo-laborde-y-el-ex-concejal-alejandro-gregorini-candidatos-por-espert\/","title":{"rendered":"El productor Adolfo Laborde y el ex concejal Alejandro Gregorini, candidatos por Espert"},"content":{"rendered":"<p>La noticia se confirm\u00f3 este lunes. Laborde estar\u00e1 en el listado de diputados nacionales, y Gregorini en senadores provinciales.\u00a0<!--more--><\/p>\n<hr \/>\n<p>M\u00e1s all\u00e1 del l\u00edmite de presentaci\u00f3n de listas el s\u00e1bado por la noche, <strong>siguen apareciendo nombres de olavarrienses en las listas de cara a las PASO del 12 de septiembre. Es el caso del productor rural Adolfo Laborde y el ex concejal Alejandro Gregorini, que ser\u00e1n candidatos representando a Espert.<\/strong><\/p>\n<p>&nbsp;<\/p>\n<p>La lista \u201cAvanza Libertad\u201d tendr\u00e1, <a href=\"https:\/\/cdnoticias.com\/index.php\/2021\/07\/26\/celeste-arouxet-sera-precandidata-por-el-espacio-de-espert\/\" target=\"_blank\" rel=\"noopener\">adem\u00e1s de Celeste Arouxet como cabeza de lista en Olavarr\u00eda<\/a>, <strong>al ex concejal de Cambiemos Alejandro Gregorini como referencia de senadores provinciales<\/strong>, dado que preside el Partido Dem\u00f3crata, que se ali\u00f3 con el economista Espert.<\/p>\n<p>&nbsp;<\/p>\n<p><img data-recalc-dims=\"1\" loading=\"lazy\" decoding=\"async\" class=\"alignnone size-full wp-image-27652\" src=\"https:\/\/i0.wp.com\/cdnoticias.com\/wp-content\/uploads\/2021\/07\/alejandro-gregorini.jpg?resize=667%2C487&#038;ssl=1\" alt=\"\" width=\"667\" height=\"487\" srcset=\"https:\/\/i0.wp.com\/cdnoticias.com\/wp-content\/uploads\/2021\/07\/alejandro-gregorini.jpg?w=667&amp;ssl=1 667w, https:\/\/i0.wp.com\/cdnoticias.com\/wp-content\/uploads\/2021\/07\/alejandro-gregorini.jpg?resize=300%2C219&amp;ssl=1 300w\" sizes=\"auto, (max-width: 667px) 100vw, 667px\" \/><\/p>\n<p>&nbsp;<\/p>\n<p>A su vez, <strong>Laborde estar\u00e1 en el noveno lugar de la lista que justamente preside Espert, seguido de la lomanegrense Carolina P\u00edparo<\/strong>, quien peg\u00f3 el portazo de Juntos por el Cambio y desembarc\u00f3 en Avanza Libertad.<\/p>\n<p>&nbsp;<\/p>\n<p><em>\u201cDesde el campo vamos con Carolina P\u00edparo y Jos\u00e9 Luis Espert a promover las ideas del sentido com\u00fan con Avanza Libertad\u201d<\/em> dijo Laborde en su cuenta de Twitter, confirmando la candidatura.<\/p>\n<p>&nbsp;<\/p>\n<blockquote class=\"twitter-tweet\">\n<p dir=\"ltr\" lang=\"es\">Desde el <a href=\"https:\/\/twitter.com\/hashtag\/campo?src=hash&amp;ref_src=twsrc%5Etfw\">#campo<\/a> vamos con <a href=\"https:\/\/twitter.com\/CarolinaPiparo?ref_src=twsrc%5Etfw\">@CarolinaPiparo<\/a> y <a href=\"https:\/\/twitter.com\/jlespert?ref_src=twsrc%5Etfw\">@jlespert<\/a> a promover las ideas del sentido com\u00fan con <a href=\"https:\/\/twitter.com\/AvanzaLibertad_?ref_src=twsrc%5Etfw\">@AvanzaLibertad_<\/a> en la Pcia de Buenos Aires. <a href=\"https:\/\/t.co\/V6baGs1njB\">pic.twitter.com\/V6baGs1njB<\/a><\/p>\n<p>\u2014 John Galt (@adolfomlaborde) <a href=\"https:\/\/twitter.com\/adolfomlaborde\/status\/1419390460192305152?ref_src=twsrc%5Etfw\">July 25, 2021<\/a><\/p><\/blockquote>\n<p><script async src=\"https:\/\/platform.twitter.com\/widgets.js\" charset=\"utf-8\"><\/script><\/p>\n","protected":false},"excerpt":{"rendered":"<p>La noticia se confirm\u00f3 este lunes. Laborde estar\u00e1 en el listado de diputados nacionales, y Gregorini en senadores provinciales.\u00a0<\/p>\n","protected":false},"author":2,"featured_media":27650,"comment_status":"closed","ping_status":"closed","sticky":false,"template":"","format":"standard","meta":{"_jetpack_memberships_contains_paid_content":false,"footnotes":""},"categories":[4,1],"tags":[],"class_list":["post-27646","post","type-post","status-publish","format-standard","has-post-thumbnail","hentry","category-politica","category-portada"],"jetpack_featured_media_url":"https:\/\/i0.wp.com\/cdnoticias.com\/wp-content\/uploads\/2021\/07\/E7KwGERX0AAbCUN.jpg?fit=1067%2C616&ssl=1","jetpack_sharing_enabled":true,"_links":{"self":[{"href":"https:\/\/cdnoticias.com\/index.php\/wp-json\/wp\/v2\/posts\/27646","targetHints":{"allow":["GET"]}}],"collection":[{"href":"https:\/\/cdnoticias.com\/index.php\/wp-json\/wp\/v2\/posts"}],"about":[{"href":"https:\/\/cdnoticias.com\/index.php\/wp-json\/wp\/v2\/types\/post"}],"author":[{"embeddable":true,"href":"https:\/\/cdnoticias.com\/index.php\/wp-json\/wp\/v2\/users\/2"}],"replies":[{"embeddable":true,"href":"https:\/\/cdnoticias.com\/index.php\/wp-json\/wp\/v2\/comments?post=27646"}],"version-history":[{"count":0,"href":"https:\/\/cdnoticias.com\/index.php\/wp-json\/wp\/v2\/posts\/27646\/revisions"}],"wp:featuredmedia":[{"embeddable":true,"href":"https:\/\/cdnoticias.com\/index.php\/wp-json\/wp\/v2\/media\/27650"}],"wp:attachment":[{"href":"https:\/\/cdnoticias.com\/index.php\/wp-json\/wp\/v2\/media?parent=27646"}],"wp:term":[{"taxonomy":"category","embeddable":true,"href":"https:\/\/cdnoticias.com\/index.php\/wp-json\/wp\/v2\/categories?post=27646"},{"taxonomy":"post_tag","embeddable":true,"href":"https:\/\/cdnoticias.com\/index.php\/wp-json\/wp\/v2\/tags?post=27646"}],"curies":[{"name":"wp","href":"https:\/\/api.w.org\/{rel}","templated":true}]}}