{"id":27644,"date":"2021-07-26T15:26:20","date_gmt":"2021-07-26T18:26:20","guid":{"rendered":"http:\/\/www.centraldenoticias.com.ar\/?p=27644"},"modified":"2021-07-26T15:26:20","modified_gmt":"2021-07-26T18:26:20","slug":"coopelectric-iniciara-el-tendido-de-fibra-optica-en-hinojo","status":"publish","type":"post","link":"https:\/\/cdnoticias.com\/index.php\/2021\/07\/26\/coopelectric-iniciara-el-tendido-de-fibra-optica-en-hinojo\/","title":{"rendered":"Coopelectric iniciar\u00e1 el tendido de fibra \u00f3ptica en Hinojo"},"content":{"rendered":"<p>La empresa Infracom-Coopelectric anunci\u00f3 que se har\u00e1 un acto este martes al mediod\u00eda en la delegaci\u00f3n de la localidad. Estar\u00e1 el intendente Ezequiel Galli.<!--more--><\/p>\n<hr \/>\n<p><strong>Este martes se inaugurar\u00e1 el inicio de la obra del tendido de fibra \u00f3ptica al hogar (FTTH) en Hinojo<\/strong>. Lo anunci\u00f3 la empresa que har\u00e1 un acto en ese sentido.<\/p>\n<p>&nbsp;<\/p>\n<p><strong>Tendr\u00e1 lugar a las 12 en la Delegaci\u00f3n del Servicio El\u00e9ctrico de Coopelectric en Hinojo<\/strong>, ubicada en Libertad y Baldi.<\/p>\n<p>&nbsp;<\/p>\n<p>Estar\u00e1n presentes el presidente de Infracom-Coopelectric Pablo Bressano, el presidente del Consejo de Administraci\u00f3n Ignacio Aramburu y <strong>el Intendente Municipal Ezequiel Galli<\/strong>.<\/p>\n","protected":false},"excerpt":{"rendered":"<p>La empresa Infracom-Coopelectric anunci\u00f3 que se har\u00e1 un acto este martes al mediod\u00eda en la delegaci\u00f3n de la localidad. Estar\u00e1<\/p>\n","protected":false},"author":4,"featured_media":3991,"comment_status":"closed","ping_status":"closed","sticky":false,"template":"","format":"standard","meta":{"_jetpack_memberships_contains_paid_content":false,"footnotes":""},"categories":[5,1],"tags":[],"class_list":["post-27644","post","type-post","status-publish","format-standard","has-post-thumbnail","hentry","category-informacion-general","category-portada"],"jetpack_featured_media_url":"https:\/\/i0.wp.com\/cdnoticias.com\/wp-content\/uploads\/2020\/10\/Hinojo-Coopelectric.jpg?fit=791%2C431&ssl=1","jetpack_sharing_enabled":true,"_links":{"self":[{"href":"https:\/\/cdnoticias.com\/index.php\/wp-json\/wp\/v2\/posts\/27644","targetHints":{"allow":["GET"]}}],"collection":[{"href":"https:\/\/cdnoticias.com\/index.php\/wp-json\/wp\/v2\/posts"}],"about":[{"href":"https:\/\/cdnoticias.com\/index.php\/wp-json\/wp\/v2\/types\/post"}],"author":[{"embeddable":true,"href":"https:\/\/cdnoticias.com\/index.php\/wp-json\/wp\/v2\/users\/4"}],"replies":[{"embeddable":true,"href":"https:\/\/cdnoticias.com\/index.php\/wp-json\/wp\/v2\/comments?post=27644"}],"version-history":[{"count":0,"href":"https:\/\/cdnoticias.com\/index.php\/wp-json\/wp\/v2\/posts\/27644\/revisions"}],"wp:featuredmedia":[{"embeddable":true,"href":"https:\/\/cdnoticias.com\/index.php\/wp-json\/wp\/v2\/media\/3991"}],"wp:attachment":[{"href":"https:\/\/cdnoticias.com\/index.php\/wp-json\/wp\/v2\/media?parent=27644"}],"wp:term":[{"taxonomy":"category","embeddable":true,"href":"https:\/\/cdnoticias.com\/index.php\/wp-json\/wp\/v2\/categories?post=27644"},{"taxonomy":"post_tag","embeddable":true,"href":"https:\/\/cdnoticias.com\/index.php\/wp-json\/wp\/v2\/tags?post=27644"}],"curies":[{"name":"wp","href":"https:\/\/api.w.org\/{rel}","templated":true}]}}