{"id":27641,"date":"2021-07-26T13:14:36","date_gmt":"2021-07-26T16:14:36","guid":{"rendered":"http:\/\/www.centraldenoticias.com.ar\/?p=27641"},"modified":"2021-07-26T13:14:36","modified_gmt":"2021-07-26T16:14:36","slug":"ruta-51-camionero-olavarriense-herido-tras-un-violento-choque","status":"publish","type":"post","link":"https:\/\/cdnoticias.com\/index.php\/2021\/07\/26\/ruta-51-camionero-olavarriense-herido-tras-un-violento-choque\/","title":{"rendered":"Ruta 51: Camionero olavarriense herido tras un violento choque"},"content":{"rendered":"<p>Fue en la noche del domingo, a 30 kil\u00f3metros de Coronel Pringles. Fue trasladado al hospital de dicha ciudad.\u00a0<!--more--><\/p>\n<hr \/>\n<p>En la noche del domingo,<strong> un cami\u00f3n de Olavarr\u00eda volc\u00f3 en ruta 51 a unos 30 kil\u00f3metros de Coronel Pringles. Su conductor, oriundo de nuestra ciudad, sufri\u00f3 heridas y fue trasladado.<\/strong><\/p>\n<p>&nbsp;<\/p>\n<p>Las causas del siniestro se encuentran en investigaci\u00f3n. Seg\u00fan lo relatado por el diario El Orden de la localidad bonaerense,<strong> el violento vuelco gener\u00f3 la llegada de urgencia de personal policial y de salud, que trasladaron al olavarriense con, seg\u00fan se precis\u00f3, <em>\u201cheridas leves\u201d<\/em>.<\/strong><\/p>\n<p>&nbsp;<\/p>\n<p>En el lugar trabaj\u00f3 personal de Patrulla Rural y Comisar\u00eda de Pringles.<\/p>\n","protected":false},"excerpt":{"rendered":"<p>Fue en la noche del domingo, a 30 kil\u00f3metros de Coronel Pringles. Fue trasladado al hospital de dicha ciudad.\u00a0<\/p>\n","protected":false},"author":2,"featured_media":27642,"comment_status":"closed","ping_status":"closed","sticky":false,"template":"","format":"standard","meta":{"_jetpack_memberships_contains_paid_content":false,"footnotes":""},"categories":[14,1],"tags":[],"class_list":["post-27641","post","type-post","status-publish","format-standard","has-post-thumbnail","hentry","category-policiales","category-portada"],"jetpack_featured_media_url":"https:\/\/i0.wp.com\/cdnoticias.com\/wp-content\/uploads\/2021\/07\/225367243_4159369784183464_4842213447122460438_n.jpg?fit=1458%2C897&ssl=1","jetpack_sharing_enabled":true,"_links":{"self":[{"href":"https:\/\/cdnoticias.com\/index.php\/wp-json\/wp\/v2\/posts\/27641","targetHints":{"allow":["GET"]}}],"collection":[{"href":"https:\/\/cdnoticias.com\/index.php\/wp-json\/wp\/v2\/posts"}],"about":[{"href":"https:\/\/cdnoticias.com\/index.php\/wp-json\/wp\/v2\/types\/post"}],"author":[{"embeddable":true,"href":"https:\/\/cdnoticias.com\/index.php\/wp-json\/wp\/v2\/users\/2"}],"replies":[{"embeddable":true,"href":"https:\/\/cdnoticias.com\/index.php\/wp-json\/wp\/v2\/comments?post=27641"}],"version-history":[{"count":0,"href":"https:\/\/cdnoticias.com\/index.php\/wp-json\/wp\/v2\/posts\/27641\/revisions"}],"wp:featuredmedia":[{"embeddable":true,"href":"https:\/\/cdnoticias.com\/index.php\/wp-json\/wp\/v2\/media\/27642"}],"wp:attachment":[{"href":"https:\/\/cdnoticias.com\/index.php\/wp-json\/wp\/v2\/media?parent=27641"}],"wp:term":[{"taxonomy":"category","embeddable":true,"href":"https:\/\/cdnoticias.com\/index.php\/wp-json\/wp\/v2\/categories?post=27641"},{"taxonomy":"post_tag","embeddable":true,"href":"https:\/\/cdnoticias.com\/index.php\/wp-json\/wp\/v2\/tags?post=27641"}],"curies":[{"name":"wp","href":"https:\/\/api.w.org\/{rel}","templated":true}]}}