{"id":27634,"date":"2021-07-26T12:42:47","date_gmt":"2021-07-26T15:42:47","guid":{"rendered":"http:\/\/www.centraldenoticias.com.ar\/?p=27634"},"modified":"2021-07-26T12:42:47","modified_gmt":"2021-07-26T15:42:47","slug":"tenemos-que-trabajar-para-ganarle-al-kirchnerismo","status":"publish","type":"post","link":"https:\/\/cdnoticias.com\/index.php\/2021\/07\/26\/tenemos-que-trabajar-para-ganarle-al-kirchnerismo\/","title":{"rendered":"\u201cTenemos que trabajar para ganarle al kirchnerismo\u201d"},"content":{"rendered":"<p>El Intendente Galli se expres\u00f3 tras el cierre de listas del s\u00e1bado. Habl\u00f3 de \u201ctrabajo hace tiempo\u201d y un cierre con \u201cprevisibilidad\u201d. Se\u00f1al\u00f3 que m\u00e1s all\u00e1 de las PASO, \u201cnuestro principal objetivo es ganarle al kirchnerismo\u201d.<!--more--><\/p>\n<hr \/>\n<p>Tras el cierre de listas, <strong>uno de los armadores y protagonistas del fin de semana fue el Intendente Galli<\/strong>, quien confirm\u00f3 los protagonistas del Pro en la interna de Juntos en Olavarr\u00eda y la Secci\u00f3n.<\/p>\n<p>&nbsp;<\/p>\n<p>En di\u00e1logo con el programa radial \u201cOK\u201d que se emite por FM Sapiens 102.7, el jefe comunal destac\u00f3 la previsibilidad y tranquilidad del cierre: <em>\u201c<strong>El jueves estaba todo definido y el viernes estaba todo firmado.<\/strong> Ven\u00edamos trabajando hace tiempo, es la cuarta elecci\u00f3n que nos toca competir y vamos corrigiendo errores que tuvimos. Evitamos que nos quede todo a \u00faltimo tiempo, hay cosas que requieren de organizaci\u00f3n\u201d<\/em> dijo.<\/p>\n<p>&nbsp;<\/p>\n<p>Se\u00f1al\u00f3 que su lista tuvo mucho <em>\u201cconsenso\u201d<\/em> y <em>\u201cconversaci\u00f3n\u201d<\/em> y <strong>elogi\u00f3 tanto a Carlos Coscia como a Javier Fr\u00edas<\/strong><em>: \u201cJavier tiene un compromiso adem\u00e1s con el f\u00fatbol con el vecinalismo, en Barrio Los Robles ha trabajado muy bien\u201d<\/em> y sobre Coscia dijo que<em> \u201cviene trabajando conmigo desde la campa\u00f1a de 2015. Trabaj\u00f3 en la elecci\u00f3n de las localidades, es alguien comprometido con el espacio. El Tano fue una elecci\u00f3n m\u00eda\u201d<\/em> agreg\u00f3.<\/p>\n<p>&nbsp;<\/p>\n<p>Con respecto a la elecci\u00f3n de Diego Robbiani como precandidato a senador provincial, <em>\u201csiempre tuve muy en claro que hab\u00eda dos personas para ocupar ese lugar. Tanto Diego como Hilario eran grandes candidatos. Por primera vez me toc\u00f3 como intendente trabajar sobre el armado seccional, as\u00ed que el trabajo que hicimos ac\u00e1 se replic\u00f3 en todas las localidades de la Secci\u00f3n\u201d.<\/em><\/p>\n<p>&nbsp;<\/p>\n<p><img data-recalc-dims=\"1\" loading=\"lazy\" decoding=\"async\" class=\"alignnone size-large wp-image-27635\" src=\"https:\/\/i0.wp.com\/cdnoticias.com\/wp-content\/uploads\/2021\/07\/E7GtK2QWQAEC2Kh.jpg?resize=800%2C534&#038;ssl=1\" alt=\"\" width=\"800\" height=\"534\" srcset=\"https:\/\/i0.wp.com\/cdnoticias.com\/wp-content\/uploads\/2021\/07\/E7GtK2QWQAEC2Kh.jpg?w=1024&amp;ssl=1 1024w, https:\/\/i0.wp.com\/cdnoticias.com\/wp-content\/uploads\/2021\/07\/E7GtK2QWQAEC2Kh.jpg?resize=300%2C200&amp;ssl=1 300w, https:\/\/i0.wp.com\/cdnoticias.com\/wp-content\/uploads\/2021\/07\/E7GtK2QWQAEC2Kh.jpg?resize=768%2C513&amp;ssl=1 768w, https:\/\/i0.wp.com\/cdnoticias.com\/wp-content\/uploads\/2021\/07\/E7GtK2QWQAEC2Kh.jpg?resize=272%2C182&amp;ssl=1 272w\" sizes=\"auto, (max-width: 800px) 100vw, 800px\" \/><\/p>\n<p>&nbsp;<\/p>\n<p>En este sentido,<strong><em> \u201clo convers\u00e9 mucho con ellos, estamos en la mesa chica, es una decisi\u00f3n dif\u00edcil pero consensuada con ellos dos. Es parte de la construcci\u00f3n que venimos haciendo y la confianza que es construir este espacio\u201d.<\/em><\/strong><\/p>\n<p>&nbsp;<\/p>\n<p>Sobre su rol en los armados, se\u00f1al\u00f3 que es producto del<em> \u201ccrecimiento que ha tenido el espacio y la confianza que me ha dado el Pro\u201d. \u201cOlavarr\u00eda deb\u00eda encabezar por una cuesti\u00f3n de volumen electoral, reci\u00e9n se nos dio en la cuarta elecci\u00f3n que nos toca competir. Venimos trabajando desde hace un a\u00f1o y medio con Azul, con Hern\u00e1n Bertellys, Lucrecia Egger, hemos hecho un trabajo interesante en la secci\u00f3n, y <strong>ahora tenemos que sostener las tres bancas en el Senado<\/strong>\u201d.<\/em><\/p>\n<p>&nbsp;<\/p>\n<p>A su vez, hizo referencia a la precandidatura de Hilario Galli como precandidato a diputado nacional: <em>\u201cEs algo muy lindo, el lugar donde firm\u00f3 es lo de menos, integrar la lista de Diego Santilli es un orgullo, que el apellido Galli integre una lista nacional es muy importante\u201d.<\/em><\/p>\n<p>&nbsp;<\/p>\n<blockquote class=\"twitter-tweet\">\n<p dir=\"ltr\" lang=\"es\">Tengo el honor de acompa\u00f1ar a <a href=\"https:\/\/twitter.com\/diegosantilli?ref_src=twsrc%5Etfw\">@diegosantilli<\/a> como pre-candidato a Diputado Nacional en este camino para comenzar a reconstruir la Provincia. Gracias <a href=\"https:\/\/twitter.com\/ezequielgalli?ref_src=twsrc%5Etfw\">@ezequielgalli<\/a> por la confianza de siempre! <a href=\"https:\/\/twitter.com\/hashtag\/EsJuntos?src=hash&amp;ref_src=twsrc%5Etfw\">#EsJuntos<\/a> <a href=\"https:\/\/t.co\/Al227NNCUI\">pic.twitter.com\/Al227NNCUI<\/a><\/p>\n<p>\u2014 Hilario Galli (@HilarioGalli) <a href=\"https:\/\/twitter.com\/HilarioGalli\/status\/1419052330742333440?ref_src=twsrc%5Etfw\">July 24, 2021<\/a><\/p><\/blockquote>\n<p><script async src=\"https:\/\/platform.twitter.com\/widgets.js\" charset=\"utf-8\"><\/script><\/p>\n<p>&nbsp;<\/p>\n<p>Sobre la interna, Galli eligi\u00f3 ser prudente y destacar que lo m\u00e1s importante es que <em>\u201ccada uno present\u00f3 su propuesta, queremos que el 13 de septiembre nos sentemos todos juntos a trabajar de cara a las elecciones. En 2015 tuve una PASO con Ernesto Cladera, gan\u00e9 y despu\u00e9s integramos sin problemas. La integraci\u00f3n se va a dar\u201d.<\/em><\/p>\n<p>&nbsp;<\/p>\n<blockquote><p>\u201cTenemos que trabajar para ganarle al kirchnerismo, es nuestro principal objetivo, a nivel nacional, provincial y local\u201d agreg\u00f3 y dijo que \u201ccoy a estar al frente de la campa\u00f1a y voy a acompa\u00f1ar\u201d.<\/p><\/blockquote>\n<p>&nbsp;<\/p>\n<p>Finalmente, cerr\u00f3 al se\u00f1alar que <em>\u201ctenemos mucho trabajo por delante, lo importante es pensar qu\u00e9 modelo de pa\u00eds tenemos para nuestros hijos. Recuperar un pa\u00eds que se respete la justicia, el trabajo, la propiedad privada, donde se deje de lado el populismo y se trabaje por el bienestar de la gente\u201d.<\/em><\/p>\n","protected":false},"excerpt":{"rendered":"<p>El Intendente Galli se expres\u00f3 tras el cierre de listas del s\u00e1bado. Habl\u00f3 de \u201ctrabajo hace tiempo\u201d y un cierre<\/p>\n","protected":false},"author":2,"featured_media":24500,"comment_status":"closed","ping_status":"closed","sticky":false,"template":"","format":"standard","meta":{"_jetpack_memberships_contains_paid_content":false,"footnotes":""},"categories":[4,1],"tags":[],"class_list":["post-27634","post","type-post","status-publish","format-standard","has-post-thumbnail","hentry","category-politica","category-portada"],"jetpack_featured_media_url":"https:\/\/i0.wp.com\/cdnoticias.com\/wp-content\/uploads\/2021\/06\/Galli-en-el-Golf-800x445.jpg?fit=800%2C445&ssl=1","jetpack_sharing_enabled":true,"_links":{"self":[{"href":"https:\/\/cdnoticias.com\/index.php\/wp-json\/wp\/v2\/posts\/27634","targetHints":{"allow":["GET"]}}],"collection":[{"href":"https:\/\/cdnoticias.com\/index.php\/wp-json\/wp\/v2\/posts"}],"about":[{"href":"https:\/\/cdnoticias.com\/index.php\/wp-json\/wp\/v2\/types\/post"}],"author":[{"embeddable":true,"href":"https:\/\/cdnoticias.com\/index.php\/wp-json\/wp\/v2\/users\/2"}],"replies":[{"embeddable":true,"href":"https:\/\/cdnoticias.com\/index.php\/wp-json\/wp\/v2\/comments?post=27634"}],"version-history":[{"count":0,"href":"https:\/\/cdnoticias.com\/index.php\/wp-json\/wp\/v2\/posts\/27634\/revisions"}],"wp:featuredmedia":[{"embeddable":true,"href":"https:\/\/cdnoticias.com\/index.php\/wp-json\/wp\/v2\/media\/24500"}],"wp:attachment":[{"href":"https:\/\/cdnoticias.com\/index.php\/wp-json\/wp\/v2\/media?parent=27634"}],"wp:term":[{"taxonomy":"category","embeddable":true,"href":"https:\/\/cdnoticias.com\/index.php\/wp-json\/wp\/v2\/categories?post=27634"},{"taxonomy":"post_tag","embeddable":true,"href":"https:\/\/cdnoticias.com\/index.php\/wp-json\/wp\/v2\/tags?post=27634"}],"curies":[{"name":"wp","href":"https:\/\/api.w.org\/{rel}","templated":true}]}}