{"id":27629,"date":"2021-07-26T11:52:39","date_gmt":"2021-07-26T14:52:39","guid":{"rendered":"http:\/\/www.centraldenoticias.com.ar\/?p=27629"},"modified":"2021-07-26T13:02:09","modified_gmt":"2021-07-26T16:02:09","slug":"barrio-hipolito-yrigoyen-detuvieron-a-un-hombre-por-tenencia-de-drogas","status":"publish","type":"post","link":"https:\/\/cdnoticias.com\/index.php\/2021\/07\/26\/barrio-hipolito-yrigoyen-detuvieron-a-un-hombre-por-tenencia-de-drogas\/","title":{"rendered":"Barrio Hip\u00f3lito Yrigoyen: detuvieron a un hombre por tenencia de drogas"},"content":{"rendered":"<p>Fue durante las \u00faltimas horas. En dos allanamientos hab\u00edan secuestraron 260 gramos de coca\u00edna y 25 de marihuana, fraccionada para su comercializaci\u00f3n.\u00a0<!--more--><\/p>\n<hr \/>\n<p>En las \u00faltimas horas, y en el marco de una causa por<strong> tenencia ileg\u00edtima de estupefacientes con fines de comercializaci\u00f3n, un hombre fue detenido tras dos allanamientos en el barrio Hip\u00f3lito Yrigoyen<\/strong>. Encontraron, entre otros elementos, 260 gramos de coca\u00edna y 25 de marihuana.<\/p>\n<p>&nbsp;<\/p>\n<blockquote><p>Adem\u00e1s, es agravado por \u201csu comisi\u00f3n en inmediaciones de establecimiento de ense\u00f1anza y tenencia ilegal de armas de fuego de guerra\u201d.<\/p><\/blockquote>\n<p>&nbsp;<\/p>\n<p>Seg\u00fan se logr\u00f3 saber,<strong> el Juzgado de Garant\u00edas N\u00b0 1 a cargo del doctor Villamar\u00edn efectiviz\u00f3 la detenci\u00f3n del hombre en la causa que interviene el fiscal Lucas Moyano, de la UFI N\u00b0 19.<\/strong><\/p>\n<p>&nbsp;<\/p>\n<p>Cabe recordar que los allanamientos hab\u00edan sido realizados en dos domicilios del barrio Hip\u00f3lito Yrigoyen donde encontraron <strong>un arma de fuego calibre 44, municiones, documentos de inter\u00e9s, 25 gramos de marihuaba y 260 de coca\u00edna. Pero adem\u00e1s, encontraron elementos de pesaje, envoltorios para su fraccionamiento y un autom\u00f3vil.<\/strong><\/p>\n<p>&nbsp;<\/p>\n<blockquote><p>El valor total de lo secuestrado ronda el mill\u00f3n de pesos.<\/p><\/blockquote>\n<p>&nbsp;<\/p>\n<p>El detenido fue alojado, de forma provisoria, en la sede de la SubDDI Olavarr\u00eda.<\/p>\n","protected":false},"excerpt":{"rendered":"<p>Fue durante las \u00faltimas horas. En dos allanamientos hab\u00edan secuestraron 260 gramos de coca\u00edna y 25 de marihuana, fraccionada para<\/p>\n","protected":false},"author":2,"featured_media":27630,"comment_status":"closed","ping_status":"closed","sticky":false,"template":"","format":"standard","meta":{"_jetpack_memberships_contains_paid_content":false,"footnotes":""},"categories":[14,1],"tags":[],"class_list":["post-27629","post","type-post","status-publish","format-standard","has-post-thumbnail","hentry","category-policiales","category-portada"],"jetpack_featured_media_url":"https:\/\/i0.wp.com\/cdnoticias.com\/wp-content\/uploads\/2021\/07\/detenido-estupefaciente.jpg?fit=1200%2C668&ssl=1","jetpack_sharing_enabled":true,"_links":{"self":[{"href":"https:\/\/cdnoticias.com\/index.php\/wp-json\/wp\/v2\/posts\/27629","targetHints":{"allow":["GET"]}}],"collection":[{"href":"https:\/\/cdnoticias.com\/index.php\/wp-json\/wp\/v2\/posts"}],"about":[{"href":"https:\/\/cdnoticias.com\/index.php\/wp-json\/wp\/v2\/types\/post"}],"author":[{"embeddable":true,"href":"https:\/\/cdnoticias.com\/index.php\/wp-json\/wp\/v2\/users\/2"}],"replies":[{"embeddable":true,"href":"https:\/\/cdnoticias.com\/index.php\/wp-json\/wp\/v2\/comments?post=27629"}],"version-history":[{"count":0,"href":"https:\/\/cdnoticias.com\/index.php\/wp-json\/wp\/v2\/posts\/27629\/revisions"}],"wp:featuredmedia":[{"embeddable":true,"href":"https:\/\/cdnoticias.com\/index.php\/wp-json\/wp\/v2\/media\/27630"}],"wp:attachment":[{"href":"https:\/\/cdnoticias.com\/index.php\/wp-json\/wp\/v2\/media?parent=27629"}],"wp:term":[{"taxonomy":"category","embeddable":true,"href":"https:\/\/cdnoticias.com\/index.php\/wp-json\/wp\/v2\/categories?post=27629"},{"taxonomy":"post_tag","embeddable":true,"href":"https:\/\/cdnoticias.com\/index.php\/wp-json\/wp\/v2\/tags?post=27629"}],"curies":[{"name":"wp","href":"https:\/\/api.w.org\/{rel}","templated":true}]}}