{"id":27595,"date":"2021-07-25T20:31:38","date_gmt":"2021-07-25T23:31:38","guid":{"rendered":"http:\/\/www.centraldenoticias.com.ar\/?p=27595"},"modified":"2021-07-25T20:31:38","modified_gmt":"2021-07-25T23:31:38","slug":"leo-yunger-presento-una-nueva-edicion-de-tirando-paredes","status":"publish","type":"post","link":"https:\/\/cdnoticias.com\/index.php\/2021\/07\/25\/leo-yunger-presento-una-nueva-edicion-de-tirando-paredes\/","title":{"rendered":"Leo Yunger present\u00f3 una nueva edici\u00f3n de \u201cTirando paredes\u201d"},"content":{"rendered":"<p>Fue en la tarde de este domingo, ante un muy buen marco de p\u00fablico. Hubo m\u00fasica, fotograf\u00eda, lecturas y el colorido de un domingo futbolero.\u00a0<!--more--><\/p>\n<hr \/>\n<p><strong><em>(Fotos: Danisa Jaime para Central de Noticias)<\/em><\/strong><\/p>\n<p>&nbsp;<\/p>\n<p>Ante un buen marco de p\u00fablico en el Centro Cultural San Jos\u00e9, <strong>Leo Yunger present\u00f3 la muestra \u201cTirando paredes\u201d en el marco de su segundo libro \u201cMonedas\u201d de Editorial Del Altillo.<\/strong><\/p>\n<p>&nbsp;<\/p>\n<p><img data-recalc-dims=\"1\" loading=\"lazy\" decoding=\"async\" class=\"alignnone size-full wp-image-27596\" src=\"https:\/\/i0.wp.com\/cdnoticias.com\/wp-content\/uploads\/2021\/07\/WhatsApp-Image-2021-07-25-at-15.59.55.jpeg?resize=800%2C631&#038;ssl=1\" alt=\"\" width=\"800\" height=\"631\" srcset=\"https:\/\/i0.wp.com\/cdnoticias.com\/wp-content\/uploads\/2021\/07\/WhatsApp-Image-2021-07-25-at-15.59.55.jpeg?w=1200&amp;ssl=1 1200w, https:\/\/i0.wp.com\/cdnoticias.com\/wp-content\/uploads\/2021\/07\/WhatsApp-Image-2021-07-25-at-15.59.55.jpeg?resize=300%2C237&amp;ssl=1 300w, https:\/\/i0.wp.com\/cdnoticias.com\/wp-content\/uploads\/2021\/07\/WhatsApp-Image-2021-07-25-at-15.59.55.jpeg?resize=768%2C605&amp;ssl=1 768w, https:\/\/i0.wp.com\/cdnoticias.com\/wp-content\/uploads\/2021\/07\/WhatsApp-Image-2021-07-25-at-15.59.55.jpeg?resize=1024%2C807&amp;ssl=1 1024w\" sizes=\"auto, (max-width: 800px) 100vw, 800px\" \/><\/p>\n<p>&nbsp;<\/p>\n<blockquote><p>La exposici\u00f3n ha ido creciendo desde su primera edici\u00f3n y se sumaron artistas, m\u00fasicos y una variada oferta cultural en varios estilos.<\/p><\/blockquote>\n<p>&nbsp;<\/p>\n<p>Todas las obras est\u00e1n inspiradas en el libro: presentaron los y las artistas Natalia Schumacher (Olavarr\u00eda), Gast\u00f3n S\u00e1nchez (Berisso), Alita S\u00e1nchez P\u00e1ez (Olavarr\u00eda), Mat\u00edas Al\u00ed (Tandil), Antonia Ayesa (Olavarr\u00eda), Juan Sisti (Olavarr\u00eda), Alfredo Gomory (Tandil), Yanina Gargiulo (Tandil) y Nazareno Di Biase (Tandil).<\/p>\n<p>&nbsp;<\/p>\n<p>Adem\u00e1s,<strong> hubo una muestra fotogr\u00e1fica de Leandra Bustamante y la m\u00fasica, en esta ocasi\u00f3n, la aport\u00f3 Gonzalo Cabri.<\/strong><\/p>\n<p>&nbsp;<\/p>\n<p><img data-recalc-dims=\"1\" loading=\"lazy\" decoding=\"async\" class=\"alignnone size-full wp-image-27599\" src=\"https:\/\/i0.wp.com\/cdnoticias.com\/wp-content\/uploads\/2021\/07\/WhatsApp-Image-2021-07-25-at-15.59.54.jpeg?resize=800%2C1067&#038;ssl=1\" alt=\"\" width=\"800\" height=\"1067\" srcset=\"https:\/\/i0.wp.com\/cdnoticias.com\/wp-content\/uploads\/2021\/07\/WhatsApp-Image-2021-07-25-at-15.59.54.jpeg?w=1200&amp;ssl=1 1200w, https:\/\/i0.wp.com\/cdnoticias.com\/wp-content\/uploads\/2021\/07\/WhatsApp-Image-2021-07-25-at-15.59.54.jpeg?resize=225%2C300&amp;ssl=1 225w, https:\/\/i0.wp.com\/cdnoticias.com\/wp-content\/uploads\/2021\/07\/WhatsApp-Image-2021-07-25-at-15.59.54.jpeg?resize=768%2C1024&amp;ssl=1 768w\" sizes=\"auto, (max-width: 800px) 100vw, 800px\" \/><\/p>\n<p>&nbsp;<\/p>\n<p>Tambi\u00e9n <strong>estuvo presente uno de los referentes de Editorial Del Altillo, el escritor Guillermo Del Zotto<\/strong>, quien realiz\u00f3 lecturas y tambi\u00e9n particip\u00f3 de esta muestra que contin\u00faa creciendo.<\/p>\n<p>&nbsp;<\/p>\n<p><img data-recalc-dims=\"1\" loading=\"lazy\" decoding=\"async\" class=\"alignnone size-full wp-image-27597\" src=\"https:\/\/i0.wp.com\/cdnoticias.com\/wp-content\/uploads\/2021\/07\/WhatsApp-Image-2021-07-25-at-15.56.15.jpeg?resize=800%2C514&#038;ssl=1\" alt=\"\" width=\"800\" height=\"514\" srcset=\"https:\/\/i0.wp.com\/cdnoticias.com\/wp-content\/uploads\/2021\/07\/WhatsApp-Image-2021-07-25-at-15.56.15.jpeg?w=899&amp;ssl=1 899w, https:\/\/i0.wp.com\/cdnoticias.com\/wp-content\/uploads\/2021\/07\/WhatsApp-Image-2021-07-25-at-15.56.15.jpeg?resize=300%2C193&amp;ssl=1 300w, https:\/\/i0.wp.com\/cdnoticias.com\/wp-content\/uploads\/2021\/07\/WhatsApp-Image-2021-07-25-at-15.56.15.jpeg?resize=768%2C494&amp;ssl=1 768w\" sizes=\"auto, (max-width: 800px) 100vw, 800px\" \/><\/p>\n","protected":false},"excerpt":{"rendered":"<p>Fue en la tarde de este domingo, ante un muy buen marco de p\u00fablico. Hubo m\u00fasica, fotograf\u00eda, lecturas y el<\/p>\n","protected":false},"author":5,"featured_media":27598,"comment_status":"closed","ping_status":"closed","sticky":false,"template":"","format":"standard","meta":{"_jetpack_memberships_contains_paid_content":false,"footnotes":""},"categories":[9,1],"tags":[],"class_list":["post-27595","post","type-post","status-publish","format-standard","has-post-thumbnail","hentry","category-cultura","category-portada"],"jetpack_featured_media_url":"https:\/\/i0.wp.com\/cdnoticias.com\/wp-content\/uploads\/2021\/07\/WhatsApp-Image-2021-07-25-at-15.39.52.jpeg?fit=1600%2C900&ssl=1","jetpack_sharing_enabled":true,"_links":{"self":[{"href":"https:\/\/cdnoticias.com\/index.php\/wp-json\/wp\/v2\/posts\/27595","targetHints":{"allow":["GET"]}}],"collection":[{"href":"https:\/\/cdnoticias.com\/index.php\/wp-json\/wp\/v2\/posts"}],"about":[{"href":"https:\/\/cdnoticias.com\/index.php\/wp-json\/wp\/v2\/types\/post"}],"author":[{"embeddable":true,"href":"https:\/\/cdnoticias.com\/index.php\/wp-json\/wp\/v2\/users\/5"}],"replies":[{"embeddable":true,"href":"https:\/\/cdnoticias.com\/index.php\/wp-json\/wp\/v2\/comments?post=27595"}],"version-history":[{"count":0,"href":"https:\/\/cdnoticias.com\/index.php\/wp-json\/wp\/v2\/posts\/27595\/revisions"}],"wp:featuredmedia":[{"embeddable":true,"href":"https:\/\/cdnoticias.com\/index.php\/wp-json\/wp\/v2\/media\/27598"}],"wp:attachment":[{"href":"https:\/\/cdnoticias.com\/index.php\/wp-json\/wp\/v2\/media?parent=27595"}],"wp:term":[{"taxonomy":"category","embeddable":true,"href":"https:\/\/cdnoticias.com\/index.php\/wp-json\/wp\/v2\/categories?post=27595"},{"taxonomy":"post_tag","embeddable":true,"href":"https:\/\/cdnoticias.com\/index.php\/wp-json\/wp\/v2\/tags?post=27595"}],"curies":[{"name":"wp","href":"https:\/\/api.w.org\/{rel}","templated":true}]}}