{"id":27593,"date":"2021-07-25T20:01:11","date_gmt":"2021-07-25T23:01:11","guid":{"rendered":"http:\/\/www.centraldenoticias.com.ar\/?p=27593"},"modified":"2021-07-26T08:47:02","modified_gmt":"2021-07-26T11:47:02","slug":"confirman-la-llegada-de-3-200-vacunas-astrazeneca-a-olavarria-este-lunes","status":"publish","type":"post","link":"https:\/\/cdnoticias.com\/index.php\/2021\/07\/25\/confirman-la-llegada-de-3-200-vacunas-astrazeneca-a-olavarria-este-lunes\/","title":{"rendered":"Confirman la llegada de 3.200 vacunas AstraZeneca a Olavarr\u00eda este lunes"},"content":{"rendered":"<p>Fue informado por la Regi\u00f3n Sanitaria IX. En la jornada del domingo, con una sola sede, se aplicaron 84 dosis. Continuar\u00e1 el abordaje territorial.\u00a0<!--more--><\/p>\n<hr \/>\n<p>La Regi\u00f3n Sanitaria IX confirm\u00f3, en la jornada del domingo, que <strong>este lunes llegar\u00e1n a Olavarr\u00eda 3.200 vacunas contra el COVID del laboratorio AstraZeneca. En paralelo, se aplicaron en las \u00faltimas horas 84 dosis, todas en una sola sede, el Centro Cultural Universitario.<\/strong><\/p>\n<p>&nbsp;<\/p>\n<blockquote><p>El lunes todo volver\u00e1 al funcionamiento habitual y trabajar\u00e1n los 4 dispositivos en simult\u00e1neo, mientras que continuar\u00e1 el abordaje territorial puerta a puerta. Recorrer\u00e1n el barrio Evita, Educadores, Acupo 1, Mariano Moreno, Hip\u00f3lito Yrigoyen y Roca Merlo.<\/p><\/blockquote>\n<p>&nbsp;<\/p>\n<p>La<strong> vacunaci\u00f3n en Olavarr\u00eda es libre a mayores de 18 a\u00f1os present\u00e1ndose en cualquiera de las postas con su DNI y acreditando domicilio en la localidad.<\/strong> La aplicaci\u00f3n de segundas dosis es \u00fanicamente por turnos, por lo que se le pide a la comunidad que est\u00e9n atentos a las notificaciones.<\/p>\n<p>&nbsp;<\/p>\n<blockquote><p>De las 3.200 dosis que llegan, 1.000 estar\u00e1n destinadas a la Facultad de Ciencias de la Salud, 1.200 al Centro Cultural Universitario y 1.000 al Servicio Territorial 2.<\/p><\/blockquote>\n<p>&nbsp;<\/p>\n<p>Los interesados en aplicarse el primer componente <strong>podr\u00e1n dirigirse a las postas de vacunaci\u00f3n<\/strong> ubicadas en: <strong>Servicio Territorial N\u00b02<\/strong>, Av. Alberdi 2543, de 8 a 18 hs;<strong> Facultad de Ciencias de la Salud,<\/strong> Pringles 4375, de 8 a 18 hs; <strong>Centro Cultural Universitario<\/strong>, San Martin 1955, de 8 a 18 hs; y <strong>Mutual Carlos Alberto Moreno de Suteba<\/strong>, Collinet 4544, de 8 a 16 hs.<\/p>\n","protected":false},"excerpt":{"rendered":"<p>Fue informado por la Regi\u00f3n Sanitaria IX. En la jornada del domingo, con una sola sede, se aplicaron 84 dosis.<\/p>\n","protected":false},"author":5,"featured_media":22601,"comment_status":"closed","ping_status":"closed","sticky":false,"template":"","format":"standard","meta":{"_jetpack_memberships_contains_paid_content":false,"footnotes":""},"categories":[16,1],"tags":[],"class_list":["post-27593","post","type-post","status-publish","format-standard","has-post-thumbnail","hentry","category-covid-19","category-portada"],"jetpack_featured_media_url":"https:\/\/i0.wp.com\/cdnoticias.com\/wp-content\/uploads\/2021\/05\/vacunas03.jpg?fit=800%2C445&ssl=1","jetpack_sharing_enabled":true,"_links":{"self":[{"href":"https:\/\/cdnoticias.com\/index.php\/wp-json\/wp\/v2\/posts\/27593","targetHints":{"allow":["GET"]}}],"collection":[{"href":"https:\/\/cdnoticias.com\/index.php\/wp-json\/wp\/v2\/posts"}],"about":[{"href":"https:\/\/cdnoticias.com\/index.php\/wp-json\/wp\/v2\/types\/post"}],"author":[{"embeddable":true,"href":"https:\/\/cdnoticias.com\/index.php\/wp-json\/wp\/v2\/users\/5"}],"replies":[{"embeddable":true,"href":"https:\/\/cdnoticias.com\/index.php\/wp-json\/wp\/v2\/comments?post=27593"}],"version-history":[{"count":0,"href":"https:\/\/cdnoticias.com\/index.php\/wp-json\/wp\/v2\/posts\/27593\/revisions"}],"wp:featuredmedia":[{"embeddable":true,"href":"https:\/\/cdnoticias.com\/index.php\/wp-json\/wp\/v2\/media\/22601"}],"wp:attachment":[{"href":"https:\/\/cdnoticias.com\/index.php\/wp-json\/wp\/v2\/media?parent=27593"}],"wp:term":[{"taxonomy":"category","embeddable":true,"href":"https:\/\/cdnoticias.com\/index.php\/wp-json\/wp\/v2\/categories?post=27593"},{"taxonomy":"post_tag","embeddable":true,"href":"https:\/\/cdnoticias.com\/index.php\/wp-json\/wp\/v2\/tags?post=27593"}],"curies":[{"name":"wp","href":"https:\/\/api.w.org\/{rel}","templated":true}]}}