{"id":27590,"date":"2021-07-25T19:39:39","date_gmt":"2021-07-25T22:39:39","guid":{"rendered":"http:\/\/www.centraldenoticias.com.ar\/?p=27590"},"modified":"2021-07-26T08:21:01","modified_gmt":"2021-07-26T11:21:01","slug":"comenzara-la-inscripcion-para-vacunarse-a-adolescentes-de-12-anos","status":"publish","type":"post","link":"https:\/\/cdnoticias.com\/index.php\/2021\/07\/25\/comenzara-la-inscripcion-para-vacunarse-a-adolescentes-de-12-anos\/","title":{"rendered":"Comenzar\u00e1 la inscripci\u00f3n para vacunarse a adolescentes de 12 a\u00f1os"},"content":{"rendered":"<p>Los padres deber\u00e1n presentar una declaraci\u00f3n jurada y adem\u00e1s acompa\u00f1arlos al vacunatorio, seg\u00fan se explic\u00f3.\u00a0<!--more--><\/p>\n<hr \/>\n<p>Tras la primera semana de inscripci\u00f3n para adolescentes de entre 13 y 17 a\u00f1os, <strong>la Provincia confirm\u00f3 que desde el lunes podr\u00e1n inscribirse chicos y chicas de 12 a\u00f1os, que deber\u00e1n cumplir una serie de requisitos para poder inocularse contra el COVID.<\/strong><\/p>\n<p>&nbsp;<\/p>\n<blockquote><p>Seg\u00fan se explic\u00f3 desde el Ministerio de Salud a la agencia de noticias DIB, los adolescentes podr\u00e1n inscribirse siempre y cuando sus padres presenten una declaraci\u00f3n y, adem\u00e1s, los acompa\u00f1en al vacunatorio, de acuerdo al C\u00f3digo Civil.<\/p><\/blockquote>\n<p>&nbsp;<\/p>\n<p>Kicillof subray\u00f3 que actualmente Argentina cuenta con<em> \u201cdos vacunas candidatas para menores de 18 a\u00f1os todav\u00eda no aprobadas\u201d<\/em> <strong>(las desarrolladas por Moderna y Sinopharm).<\/strong><\/p>\n<p>&nbsp;<\/p>\n<p>El mandatario se\u00f1al\u00f3 asimismo que<em> \u201ctodav\u00eda no contamos con vacunas habilitadas\u201d,<\/em> pero <em>\u201cestamos prepar\u00e1ndonos para poder dise\u00f1ar la log\u00edstica\u201d.<\/em><\/p>\n<p>&nbsp;<\/p>\n<blockquote><p>Para inscribirse en la campa\u00f1a de vacunaci\u00f3n, los adolescentes de entre 12 y 17 a\u00f1os, con o sin enfermedades de riesgo, deber\u00e1n hacerlo a trav\u00e9s de la aplicaci\u00f3n VacunatePBA o de la p\u00e1gina vacunatepba.gba.gob.ar.<\/p><\/blockquote>\n<p>&nbsp;<\/p>\n<p><strong>Los primeros en ser inoculados cuando las vacunas est\u00e9n aprobadas ser\u00e1n quienes tengan alguna patolog\u00eda de base<\/strong>, pero se espera que a medida que lleguen las dosis se vaya abriendo para todos los inscriptos.<\/p>\n","protected":false},"excerpt":{"rendered":"<p>Los padres deber\u00e1n presentar una declaraci\u00f3n jurada y adem\u00e1s acompa\u00f1arlos al vacunatorio, seg\u00fan se explic\u00f3.\u00a0<\/p>\n","protected":false},"author":5,"featured_media":25805,"comment_status":"closed","ping_status":"closed","sticky":false,"template":"","format":"standard","meta":{"_jetpack_memberships_contains_paid_content":false,"footnotes":""},"categories":[16],"tags":[],"class_list":["post-27590","post","type-post","status-publish","format-standard","has-post-thumbnail","hentry","category-covid-19"],"jetpack_featured_media_url":"https:\/\/i0.wp.com\/cdnoticias.com\/wp-content\/uploads\/2021\/07\/vacunacion-18.jpg?fit=4608%2C2563&ssl=1","jetpack_sharing_enabled":true,"_links":{"self":[{"href":"https:\/\/cdnoticias.com\/index.php\/wp-json\/wp\/v2\/posts\/27590","targetHints":{"allow":["GET"]}}],"collection":[{"href":"https:\/\/cdnoticias.com\/index.php\/wp-json\/wp\/v2\/posts"}],"about":[{"href":"https:\/\/cdnoticias.com\/index.php\/wp-json\/wp\/v2\/types\/post"}],"author":[{"embeddable":true,"href":"https:\/\/cdnoticias.com\/index.php\/wp-json\/wp\/v2\/users\/5"}],"replies":[{"embeddable":true,"href":"https:\/\/cdnoticias.com\/index.php\/wp-json\/wp\/v2\/comments?post=27590"}],"version-history":[{"count":0,"href":"https:\/\/cdnoticias.com\/index.php\/wp-json\/wp\/v2\/posts\/27590\/revisions"}],"wp:featuredmedia":[{"embeddable":true,"href":"https:\/\/cdnoticias.com\/index.php\/wp-json\/wp\/v2\/media\/25805"}],"wp:attachment":[{"href":"https:\/\/cdnoticias.com\/index.php\/wp-json\/wp\/v2\/media?parent=27590"}],"wp:term":[{"taxonomy":"category","embeddable":true,"href":"https:\/\/cdnoticias.com\/index.php\/wp-json\/wp\/v2\/categories?post=27590"},{"taxonomy":"post_tag","embeddable":true,"href":"https:\/\/cdnoticias.com\/index.php\/wp-json\/wp\/v2\/tags?post=27590"}],"curies":[{"name":"wp","href":"https:\/\/api.w.org\/{rel}","templated":true}]}}