{"id":27584,"date":"2021-07-25T16:48:16","date_gmt":"2021-07-25T19:48:16","guid":{"rendered":"http:\/\/www.centraldenoticias.com.ar\/?p=27584"},"modified":"2021-07-25T16:48:16","modified_gmt":"2021-07-25T19:48:16","slug":"tras-el-cierre-de-listas-cenizo-gonzalez-y-coscia-estuvieron-con-santilli","status":"publish","type":"post","link":"https:\/\/cdnoticias.com\/index.php\/2021\/07\/25\/tras-el-cierre-de-listas-cenizo-gonzalez-y-coscia-estuvieron-con-santilli\/","title":{"rendered":"Tras el cierre de listas, Cenizo, Gonz\u00e1lez y Coscia estuvieron con Santilli"},"content":{"rendered":"<p>Los precandidatos a concejales por \u201cJuntos\u201d Bruno Cenizo, Mar\u00eda Jos\u00e9 Gonz\u00e1lez y Carlos Coscia mantuvieron un encuentro con el precandidato a diputado nacional por la provincia de Buenos Aires Diego Santilli.\u00a0<!--more--><\/p>\n<hr \/>\n<p>Durante la tarde de este s\u00e1bado, en lo que fue la presentaci\u00f3n de las listas oficiales para las pr\u00f3ximas elecciones legislativas, <strong>los precandidatos a concejales locales de \u201cJuntos\u201d estuvieron en La Plata con Diego Santilli, el primer precandidato a diputado nacional por la provincia de Buenos Aires del espacio pol\u00edtico.<\/strong><\/p>\n<p>&nbsp;<\/p>\n<p>Bruno Cenizo, Mar\u00eda Jos\u00e9 Gonz\u00e1lez y Carlos Coscia, que encabezan la lista del intendente Ezequiel Galli, dialogaron con Santilli, a quien definieron como<strong><em> \u201cun gran candidato para competir en territorio bonaerense\u201d.<\/em><\/strong><\/p>\n<p>&nbsp;<\/p>\n<p>El presidente del Concejo Deliberante precis\u00f3 que Santilli<em> \u201cnos representa como espacio pol\u00edtico, est\u00e1 capacitado y tiene gran experiencia en diferentes lugares en los que le ha tocado estar en su trayectoria pol\u00edtica\u201d.<\/em><\/p>\n<p>&nbsp;<\/p>\n<p><em>\u201cConfiamos en que Juntos, con Santilli a la cabeza, har\u00e1 una gran elecci\u00f3n en la provincia de Buenos Aires. Desde Olavarr\u00eda y la s\u00e9ptima secci\u00f3n electoral trabajaremos para<strong> devolverle la esperanza a los bonaerenses<\/strong>\u201d<\/em>, finaliz\u00f3.<\/p>\n","protected":false},"excerpt":{"rendered":"<p>Los precandidatos a concejales por \u201cJuntos\u201d Bruno Cenizo, Mar\u00eda Jos\u00e9 Gonz\u00e1lez y Carlos Coscia mantuvieron un encuentro con el precandidato<\/p>\n","protected":false},"author":5,"featured_media":27585,"comment_status":"closed","ping_status":"closed","sticky":false,"template":"","format":"standard","meta":{"_jetpack_memberships_contains_paid_content":false,"footnotes":""},"categories":[4,1],"tags":[],"class_list":["post-27584","post","type-post","status-publish","format-standard","has-post-thumbnail","hentry","category-politica","category-portada"],"jetpack_featured_media_url":"https:\/\/i0.wp.com\/cdnoticias.com\/wp-content\/uploads\/2021\/07\/santilliconcejales.jpeg?fit=1024%2C684&ssl=1","jetpack_sharing_enabled":true,"_links":{"self":[{"href":"https:\/\/cdnoticias.com\/index.php\/wp-json\/wp\/v2\/posts\/27584","targetHints":{"allow":["GET"]}}],"collection":[{"href":"https:\/\/cdnoticias.com\/index.php\/wp-json\/wp\/v2\/posts"}],"about":[{"href":"https:\/\/cdnoticias.com\/index.php\/wp-json\/wp\/v2\/types\/post"}],"author":[{"embeddable":true,"href":"https:\/\/cdnoticias.com\/index.php\/wp-json\/wp\/v2\/users\/5"}],"replies":[{"embeddable":true,"href":"https:\/\/cdnoticias.com\/index.php\/wp-json\/wp\/v2\/comments?post=27584"}],"version-history":[{"count":0,"href":"https:\/\/cdnoticias.com\/index.php\/wp-json\/wp\/v2\/posts\/27584\/revisions"}],"wp:featuredmedia":[{"embeddable":true,"href":"https:\/\/cdnoticias.com\/index.php\/wp-json\/wp\/v2\/media\/27585"}],"wp:attachment":[{"href":"https:\/\/cdnoticias.com\/index.php\/wp-json\/wp\/v2\/media?parent=27584"}],"wp:term":[{"taxonomy":"category","embeddable":true,"href":"https:\/\/cdnoticias.com\/index.php\/wp-json\/wp\/v2\/categories?post=27584"},{"taxonomy":"post_tag","embeddable":true,"href":"https:\/\/cdnoticias.com\/index.php\/wp-json\/wp\/v2\/tags?post=27584"}],"curies":[{"name":"wp","href":"https:\/\/api.w.org\/{rel}","templated":true}]}}