{"id":27552,"date":"2021-07-25T11:47:15","date_gmt":"2021-07-25T14:47:15","guid":{"rendered":"http:\/\/www.centraldenoticias.com.ar\/?p=27552"},"modified":"2021-07-25T13:03:32","modified_gmt":"2021-07-25T16:03:32","slug":"cierre-de-listas-apostillas-de-un-dia-caotico-para-la-politica","status":"publish","type":"post","link":"https:\/\/cdnoticias.com\/index.php\/2021\/07\/25\/cierre-de-listas-apostillas-de-un-dia-caotico-para-la-politica\/","title":{"rendered":"Cierre de listas: Apostillas de un d\u00eda ca\u00f3tico para la pol\u00edtica"},"content":{"rendered":"<p>La lista de Galli, con simbolismos. La pol\u00edtica prevaleci\u00f3 en el Frente de Todos. La novela del radicalismo y el complejo cierre de Todos en la S\u00e9ptima. Robbiani y Aguilera, las sorpresas.\u00a0<!--more--><\/p>\n<hr \/>\n<p><em>Extracto del newsletter Volver a las Fuentes,\u00a0<a href=\"https:\/\/us17.campaign-archive.com\/?u=cba2a41506a8e26d100c3f0f8&amp;id=79ae885813\" target=\"_blank\" rel=\"noopener\">donde\u00a0se\u00a0puede acceder y suscribir ac\u00e1.<\/a>\u00a0<\/em><strong>Por Alexis Grierson y Josefina Bargas.<\/strong><\/p>\n<p>&nbsp;<\/p>\n<p><b>\u201cLa lista de Galli<\/b><span style=\"font-weight: 400;\">\u201d<\/span><\/p>\n<p>&nbsp;<\/p>\n<p><img data-recalc-dims=\"1\" loading=\"lazy\" decoding=\"async\" class=\"alignnone size-large wp-image-27499\" src=\"https:\/\/i0.wp.com\/cdnoticias.com\/wp-content\/uploads\/2021\/07\/listalocal.jpeg?resize=800%2C449&#038;ssl=1\" alt=\"\" width=\"800\" height=\"449\" srcset=\"https:\/\/i0.wp.com\/cdnoticias.com\/wp-content\/uploads\/2021\/07\/listalocal.jpeg?resize=1024%2C575&amp;ssl=1 1024w, https:\/\/i0.wp.com\/cdnoticias.com\/wp-content\/uploads\/2021\/07\/listalocal.jpeg?resize=300%2C169&amp;ssl=1 300w, https:\/\/i0.wp.com\/cdnoticias.com\/wp-content\/uploads\/2021\/07\/listalocal.jpeg?resize=768%2C431&amp;ssl=1 768w, https:\/\/i0.wp.com\/cdnoticias.com\/wp-content\/uploads\/2021\/07\/listalocal.jpeg?w=1280&amp;ssl=1 1280w\" sizes=\"auto, (max-width: 800px) 100vw, 800px\" \/><\/p>\n<p>&nbsp;<\/p>\n<p><span style=\"font-weight: 400;\">El intendente eligi\u00f3 ponerse al frente de una lista que, salvo Cenizo y Gonz\u00e1lez, no tiene nombres rutilantes. Pero la clave pasa por otro lugar, no tanto por las personas en s\u00ed, sino por<strong> lo que representan en la comunidad.<\/strong><\/span><\/p>\n<p>&nbsp;<\/p>\n<p><span style=\"font-weight: 400;\"><strong><em>\u201cEs lo m\u00e1s parecido a un vecinalismo\u201d<\/em><\/strong> dijo un experimentado dirigente en un di\u00e1logo con este newsletter. Para muestras sobran dos botones: <strong>Javier Fr\u00edas<\/strong> pertenece no s\u00f3lo a la Liga de F\u00fatbol de Olavarr\u00eda, sino tambi\u00e9n al \u00e1mbito del fomentismo. <strong>Miriam Mosescu<\/strong>, vinculada tambi\u00e9n al deporte y al voley en particular, es otro de los ejemplos.\u00a0<\/span><\/p>\n<p>&nbsp;<\/p>\n<p><span style=\"font-weight: 400;\"><strong>Coopelectric -y el curismo en particular- tambi\u00e9n tienen porotos para anotarse<\/strong>: tanto Mosescu (considerada curista) como el \u201cTano\u201d Coscia, delegado municipal en el Consejo de Administraci\u00f3n de Coopelectric est\u00e1n en lugares de la lista \u201centrables\u201d y se podr\u00edan sumar, incluso, a Nicol\u00e1s Marinangeli.\u00a0<\/span><\/p>\n<p>&nbsp;<\/p>\n<p><span style=\"font-weight: 400;\">Como curiosidad,<strong> Galli decidi\u00f3 no incluir a Germ\u00e1n Caputo, su funcionario con mayor imagen positiva no s\u00f3lo de la gesti\u00f3n, sino tambi\u00e9n de todo el arco pol\u00edtico de Olavarr\u00eda.<\/strong> <em>\u201cBruno (Cenizo) no s\u00f3lo es el mejor candidato para este momento, sino que empujar a Germ\u00e1n a la pol\u00edtica en este contexto no ser\u00eda lo ideal\u201d<\/em> indicaron a VAF.\u00a0<\/span><\/p>\n<p>&nbsp;<\/p>\n<p><img data-recalc-dims=\"1\" loading=\"lazy\" decoding=\"async\" class=\"alignnone size-full wp-image-22610\" src=\"https:\/\/i0.wp.com\/cdnoticias.com\/wp-content\/uploads\/2021\/05\/Salud-German-Caputo00.jpg?resize=800%2C445&#038;ssl=1\" alt=\"\" width=\"800\" height=\"445\" srcset=\"https:\/\/i0.wp.com\/cdnoticias.com\/wp-content\/uploads\/2021\/05\/Salud-German-Caputo00.jpg?w=800&amp;ssl=1 800w, https:\/\/i0.wp.com\/cdnoticias.com\/wp-content\/uploads\/2021\/05\/Salud-German-Caputo00.jpg?resize=300%2C167&amp;ssl=1 300w, https:\/\/i0.wp.com\/cdnoticias.com\/wp-content\/uploads\/2021\/05\/Salud-German-Caputo00.jpg?resize=768%2C427&amp;ssl=1 768w\" sizes=\"auto, (max-width: 800px) 100vw, 800px\" \/><\/p>\n<p>&nbsp;<\/p>\n<p><span style=\"font-weight: 400;\">Otros, un poco m\u00e1s malos, dijeron <em>\u201ccon los candidatos que presentamos alcanzar\u00e1 para repetir el triunfo en Olavarr\u00eda\u201d y destacaron que ser\u00eda \u201cel cuarto consecutivo\u201d<\/em>. Hay confianza.<\/span><\/p>\n<p>&nbsp;<\/p>\n<p><b>La gesti\u00f3n, la pol\u00edtica y el futuro<\/b><\/p>\n<p>&nbsp;<\/p>\n<p><img data-recalc-dims=\"1\" loading=\"lazy\" decoding=\"async\" class=\"alignnone size-full wp-image-27396\" src=\"https:\/\/i0.wp.com\/cdnoticias.com\/wp-content\/uploads\/2021\/07\/robbiani-galli-hilario.jpg?resize=800%2C445&#038;ssl=1\" alt=\"\" width=\"800\" height=\"445\" srcset=\"https:\/\/i0.wp.com\/cdnoticias.com\/wp-content\/uploads\/2021\/07\/robbiani-galli-hilario.jpg?w=800&amp;ssl=1 800w, https:\/\/i0.wp.com\/cdnoticias.com\/wp-content\/uploads\/2021\/07\/robbiani-galli-hilario.jpg?resize=300%2C167&amp;ssl=1 300w, https:\/\/i0.wp.com\/cdnoticias.com\/wp-content\/uploads\/2021\/07\/robbiani-galli-hilario.jpg?resize=768%2C427&amp;ssl=1 768w\" sizes=\"auto, (max-width: 800px) 100vw, 800px\" \/><\/p>\n<p>&nbsp;<\/p>\n<p><span style=\"font-weight: 400;\">Lo que parec\u00eda obvio -el resultado de un camino pol\u00edtico- deriv\u00f3 en otras decisiones con otros objetivos y <strong>dejaron a Hilario Galli con un lugar simb\u00f3lico en diputados nacionales (el lugar 31) y sin el 1 en senadores provinciales de la S\u00e9ptima, que ser\u00e1 ocupado por Diego Robbiani.\u00a0<\/strong><\/span><\/p>\n<p>&nbsp;<\/p>\n<p><span style=\"font-weight: 400;\">Sorprendi\u00f3 pero mostr\u00f3 un camino. Ya<a href=\"https:\/\/cdnoticias.com\/index.php\/2021\/07\/23\/para-mi-es-un-orgullo-y-un-honor-que-bruno-que-vuelva-a-ser-candidato\/\" target=\"_blank\" rel=\"noopener\"> el viernes el Intendente admiti\u00f3 que la decisi\u00f3n estaba entre ellos dos, y que \u201ccualquiera de los dos lo merece, y se pondr\u00e1 contento por el otro&#8221;<\/a>. En el medio, muchas especulaciones, <strong>\u00bfGalli juega a despistar como hizo con Germ\u00e1n Caputo?<\/strong><\/span><\/p>\n<p>&nbsp;<\/p>\n<p><span style=\"font-weight: 400;\">Es m\u00e1s complejo<strong>. Hilario Galli se ha transformado en el cerebro de la gesti\u00f3n.<\/strong> Encargado de la Secretar\u00eda de Gobierno, su rol cobr\u00f3 importancia en el d\u00eda a d\u00eda del trabajo municipal, la relaci\u00f3n entre secretar\u00edas, su equilibrio pol\u00edtico entre las fuerzas que integran el espacio del Intendente, y tambi\u00e9n en la relaci\u00f3n con instituciones locales.\u00a0<\/span><\/p>\n<p>&nbsp;<\/p>\n<p><img data-recalc-dims=\"1\" loading=\"lazy\" decoding=\"async\" class=\"alignnone size-large wp-image-7422\" src=\"https:\/\/i0.wp.com\/cdnoticias.com\/wp-content\/uploads\/2020\/11\/Hilario-Galli.jpg?resize=800%2C534&#038;ssl=1\" alt=\"\" width=\"800\" height=\"534\" srcset=\"https:\/\/i0.wp.com\/cdnoticias.com\/wp-content\/uploads\/2020\/11\/Hilario-Galli.jpg?resize=1024%2C683&amp;ssl=1 1024w, https:\/\/i0.wp.com\/cdnoticias.com\/wp-content\/uploads\/2020\/11\/Hilario-Galli.jpg?resize=300%2C200&amp;ssl=1 300w, https:\/\/i0.wp.com\/cdnoticias.com\/wp-content\/uploads\/2020\/11\/Hilario-Galli.jpg?resize=768%2C512&amp;ssl=1 768w, https:\/\/i0.wp.com\/cdnoticias.com\/wp-content\/uploads\/2020\/11\/Hilario-Galli.jpg?resize=272%2C182&amp;ssl=1 272w, https:\/\/i0.wp.com\/cdnoticias.com\/wp-content\/uploads\/2020\/11\/Hilario-Galli.jpg?w=1600&amp;ssl=1 1600w, https:\/\/i0.wp.com\/cdnoticias.com\/wp-content\/uploads\/2020\/11\/Hilario-Galli.jpg?w=2400&amp;ssl=1 2400w\" sizes=\"auto, (max-width: 800px) 100vw, 800px\" \/><\/p>\n<p>&nbsp;<\/p>\n<p><span style=\"font-weight: 400;\">Su salida para ser senador provincial pod\u00eda significar un duro golpe para la gesti\u00f3n. Pero adem\u00e1s, no debemos olvidar que <strong>Ezequiel Galli tendr\u00e1 dos a\u00f1os particularmente intensos: no s\u00f3lo por la gesti\u00f3n en s\u00ed, sino por la construcci\u00f3n de su propio capital pol\u00edtico que le permita dar el salto en caso de no poder reelegir.\u00a0<\/strong><\/span><\/p>\n<p>&nbsp;<\/p>\n<p><span style=\"font-weight: 400;\">Y, si no puede reelegir, significa que habr\u00e1 un sucesor. \u00bfHilario Galli podr\u00eda serlo?<em> \u201cEs mejor trabajar cerca de la gesti\u00f3n, conocer cada rinc\u00f3n de la Municipalidad porque la chance est\u00e1: si Ezequiel no puede reelegir el sucesor tiene que estar preparado\u201d<\/em> dijo una fuente municipal a VAF. Y ah\u00ed aparece Hilario Galli.\u00a0<\/span><\/p>\n<p>&nbsp;<\/p>\n<blockquote><p><span style=\"font-weight: 400;\">Este se\u00f1alamiento no quita que otros funcionarios o dirigentes gallistas tambi\u00e9n tengan intenciones y chances de pelear por la sucesi\u00f3n del actual Intendente. Pero las decisiones tienen motivos y a muchos sorprendi\u00f3 que Diego Robbiani sea el primer precandidato a senador.<\/span><\/p><\/blockquote>\n<p>&nbsp;<\/p>\n<p><span style=\"font-weight: 400;\"><strong>Robbiani, un dirigente vinculado m\u00e1s al dialoguismo y la moderaci\u00f3n<\/strong>, ha tenido un inusual protagonismo en el \u00faltimo tiempo, la mayor\u00eda de ellos relacionados con conflictos sociales y el rol municipal que tuvo en cada intervenci\u00f3n. No es lo \u00fanico, claro: pero muchas veces es lo m\u00e1s visible.\u00a0\u00a0<\/span><\/p>\n<p>&nbsp;<\/p>\n<p><span style=\"font-weight: 400;\">Por otra parte, el acuerdo Azul-Olavarr\u00eda se cumpli\u00f3 a la perfecci\u00f3n y <strong>Lucrecia Egger secundar\u00e1 a Robbiani.<\/strong> \u00bfQu\u00e9 deparar\u00e1 la interna en la S\u00e9ptima con Alejandro Cellillo (y la estructura radical) enfrente? \u00bfAl Pro le alcanzar\u00e1? \u201cEste tiempo de empezar a armar nos dio la oportunidad de tener nuevas estructuras en la Secci\u00f3n\u201d dijo una fuente del Pro\u2026que da cuenta de que no los agarra desprevenidos.<\/span><\/p>\n<p>&nbsp;<\/p>\n<p><img data-recalc-dims=\"1\" loading=\"lazy\" decoding=\"async\" class=\"alignnone size-full wp-image-11862\" src=\"https:\/\/i0.wp.com\/cdnoticias.com\/wp-content\/uploads\/2021\/01\/ruta-51-vieyra-egger-suply-El-Tiempo.jpg?resize=800%2C450&#038;ssl=1\" alt=\"\" width=\"800\" height=\"450\" srcset=\"https:\/\/i0.wp.com\/cdnoticias.com\/wp-content\/uploads\/2021\/01\/ruta-51-vieyra-egger-suply-El-Tiempo.jpg?w=948&amp;ssl=1 948w, https:\/\/i0.wp.com\/cdnoticias.com\/wp-content\/uploads\/2021\/01\/ruta-51-vieyra-egger-suply-El-Tiempo.jpg?resize=300%2C169&amp;ssl=1 300w, https:\/\/i0.wp.com\/cdnoticias.com\/wp-content\/uploads\/2021\/01\/ruta-51-vieyra-egger-suply-El-Tiempo.jpg?resize=768%2C432&amp;ssl=1 768w\" sizes=\"auto, (max-width: 800px) 100vw, 800px\" \/><\/p>\n<p>&nbsp;<\/p>\n<p><b>Al final los incorregibles eran los radicales<\/b><\/p>\n<p>&nbsp;<\/p>\n<p><img data-recalc-dims=\"1\" loading=\"lazy\" decoding=\"async\" class=\"alignnone size-large wp-image-16559\" src=\"https:\/\/i0.wp.com\/cdnoticias.com\/wp-content\/uploads\/2021\/03\/vergel-ucr-1.jpg?resize=800%2C534&#038;ssl=1\" alt=\"\" width=\"800\" height=\"534\" srcset=\"https:\/\/i0.wp.com\/cdnoticias.com\/wp-content\/uploads\/2021\/03\/vergel-ucr-1.jpg?resize=1024%2C683&amp;ssl=1 1024w, https:\/\/i0.wp.com\/cdnoticias.com\/wp-content\/uploads\/2021\/03\/vergel-ucr-1.jpg?resize=300%2C200&amp;ssl=1 300w, https:\/\/i0.wp.com\/cdnoticias.com\/wp-content\/uploads\/2021\/03\/vergel-ucr-1.jpg?resize=768%2C512&amp;ssl=1 768w, https:\/\/i0.wp.com\/cdnoticias.com\/wp-content\/uploads\/2021\/03\/vergel-ucr-1.jpg?resize=272%2C182&amp;ssl=1 272w, https:\/\/i0.wp.com\/cdnoticias.com\/wp-content\/uploads\/2021\/03\/vergel-ucr-1.jpg?w=1600&amp;ssl=1 1600w, https:\/\/i0.wp.com\/cdnoticias.com\/wp-content\/uploads\/2021\/03\/vergel-ucr-1.jpg?w=2400&amp;ssl=1 2400w\" sizes=\"auto, (max-width: 800px) 100vw, 800px\" \/><\/p>\n<p>&nbsp;<\/p>\n<p><span style=\"font-weight: 400;\">De no ser por el novel\u00f3n del Frente de Todos en la Secci\u00f3n,<strong> estamos en presencia de una las definiciones m\u00e1s espectaculares del cierre de listas.<\/strong> Idas, vueltas, reproches, enojos, portazos y lo que parec\u00eda estallar en mil pedazos termin\u00f3 con el radicalismo unido y con el monzo\u00edsmo afuera.<\/span><\/p>\n<p>&nbsp;<\/p>\n<blockquote><p><span style=\"font-weight: 400;\">Lo decimos de nuevo: el radicalismo logr\u00f3 un acuerdo, o al menos una gran parte. \u00bfTe acord\u00e1s que en las internas de marzo hab\u00eda tres sectores casi irreconciliables? Eran tan j\u00f3venes.<\/span><\/p><\/blockquote>\n<p>&nbsp;<\/p>\n<p><span style=\"font-weight: 400;\">Vayamos por partes: Facundo Manes acord\u00f3 con Emilio Monz\u00f3 y el GEN de Stolbizer (entre otros sectores) para integrar candidatos en todas las listas y enfrentar al Pro. <strong>Envalentonado, el radicalismo tuvo potestad para armar&#8230;y el monzo\u00edsmo, al menos a nivel local, se cay\u00f3 de la lista el viernes.\u00a0<\/strong><\/span><\/p>\n<p>&nbsp;<\/p>\n<p><img data-recalc-dims=\"1\" loading=\"lazy\" decoding=\"async\" class=\"alignnone size-large wp-image-17730\" src=\"https:\/\/i0.wp.com\/cdnoticias.com\/wp-content\/uploads\/2021\/04\/WhatsApp-Image-2021-04-01-at-15.42.07.jpeg?resize=800%2C565&#038;ssl=1\" alt=\"\" width=\"800\" height=\"565\" srcset=\"https:\/\/i0.wp.com\/cdnoticias.com\/wp-content\/uploads\/2021\/04\/WhatsApp-Image-2021-04-01-at-15.42.07.jpeg?resize=1024%2C723&amp;ssl=1 1024w, https:\/\/i0.wp.com\/cdnoticias.com\/wp-content\/uploads\/2021\/04\/WhatsApp-Image-2021-04-01-at-15.42.07.jpeg?resize=300%2C212&amp;ssl=1 300w, https:\/\/i0.wp.com\/cdnoticias.com\/wp-content\/uploads\/2021\/04\/WhatsApp-Image-2021-04-01-at-15.42.07.jpeg?resize=768%2C542&amp;ssl=1 768w, https:\/\/i0.wp.com\/cdnoticias.com\/wp-content\/uploads\/2021\/04\/WhatsApp-Image-2021-04-01-at-15.42.07.jpeg?w=1280&amp;ssl=1 1280w\" sizes=\"auto, (max-width: 800px) 100vw, 800px\" \/><\/p>\n<p>&nbsp;<\/p>\n<p><span style=\"font-weight: 400;\"><em>\u201cNos cagaron\u201d<\/em> se\u00f1alaban desde un sector. <em>\u201cSe creen m\u00e1s de lo que son\u201d<\/em> reprochaban desde el otro. Lo concreto es que una lista que parec\u00eda cerrada termin\u00f3 en una carambola donde los candidatos de Monz\u00f3, encolumnados detr\u00e1s de Emilio Moriones y Juan Zyla, decidieron \u201cdejarla pasar\u201d. <strong><em>\u201cNuestro objetivo siempre fue 2023\u201d<\/em><\/strong> se\u00f1alaron luego de pegar el portazo.\u00a0<\/span><\/p>\n<p>&nbsp;<\/p>\n<p><span style=\"font-weight: 400;\">En el medio, <strong>quien tambi\u00e9n se qued\u00f3 afuera fue Franco Illescas, quien era n\u00famero puesto dada la referencia en Maximiliano Abad<\/strong>, hoy presidente del Comit\u00e9 Radical de la Provincia. <strong>A Illescas le endilgaron la partida de Celeste Arouxet, que \u00bfde forma ins\u00f3lita? termin\u00f3 encabezando lista con Jos\u00e9 Luis Espert de referencia.<\/strong> De paso, le reprocharon algunas cuestiones m\u00e1s que derivaron en que, casi sin protestar, acepte el n\u00famero 1 de consejeros escolares. Y nada m\u00e1s.<\/span><\/p>\n<p>&nbsp;<\/p>\n<p><span style=\"font-weight: 400;\"><strong>La gran sorpresa del cierre fue la inclusi\u00f3n, en el segundo lugar, del presidente de la Sociedad Rural, Sebasti\u00e1n Matrella<\/strong>. De organizar marchas \u201capartidarias\u201d a favor del campo a formar parte de la lista radical. Si bien era un secreto a voces, el pedido de licencia \u201cpor razones personales\u201d que hizo p\u00fablico la entidad rural pr\u00e1cticamente lo confirm\u00f3. Curioso: supimos primero quien estar\u00eda en el segundo lugar antes que la primera.\u00a0<\/span><\/p>\n<p>&nbsp;<\/p>\n<p><img data-recalc-dims=\"1\" loading=\"lazy\" decoding=\"async\" class=\"alignnone size-full wp-image-26202\" src=\"https:\/\/i0.wp.com\/cdnoticias.com\/wp-content\/uploads\/2021\/07\/banderazo-sociedad-rural-matrella01.jpg?resize=800%2C445&#038;ssl=1\" alt=\"\" width=\"800\" height=\"445\" srcset=\"https:\/\/i0.wp.com\/cdnoticias.com\/wp-content\/uploads\/2021\/07\/banderazo-sociedad-rural-matrella01.jpg?w=800&amp;ssl=1 800w, https:\/\/i0.wp.com\/cdnoticias.com\/wp-content\/uploads\/2021\/07\/banderazo-sociedad-rural-matrella01.jpg?resize=300%2C167&amp;ssl=1 300w, https:\/\/i0.wp.com\/cdnoticias.com\/wp-content\/uploads\/2021\/07\/banderazo-sociedad-rural-matrella01.jpg?resize=768%2C427&amp;ssl=1 768w\" sizes=\"auto, (max-width: 800px) 100vw, 800px\" \/><\/p>\n<p>&nbsp;<\/p>\n<p><span style=\"font-weight: 400;\">La primera, justamente, es <strong>Bel\u00e9n Vergel, una militante radical que hab\u00eda cobrado visibilidad en el \u00faltimo tiempo no s\u00f3lo por su rol en la interna de la UCR<\/strong>, sino que tambi\u00e9n por su activismo dentro del feminismo del espacio. Enfrentar\u00e1, como cabeza de lista, a Bruno Cenizo, el gran rival a vencer dado sus antecedentes.\u00a0<\/span><\/p>\n<p>&nbsp;<\/p>\n<p><span style=\"font-weight: 400;\">Dato para destacar: <strong>quienes finalmente tambi\u00e9n integraron fueron desde el sector de Lanceta, con la postulaci\u00f3n, en el tercer lugar, de Gabriela D\u00edaz.<\/strong> Esto es m\u00e1s que notorio ya que hasta el jueves a la noche, el sector que se referencia en el secretario del Concejo Deliberante se daba por exclu\u00eddo y dec\u00edan que iban a mirar el cierre desde sus casas.<\/span><\/p>\n<p>&nbsp;<\/p>\n<p><img data-recalc-dims=\"1\" loading=\"lazy\" decoding=\"async\" class=\"alignnone size-large wp-image-14952\" src=\"https:\/\/i0.wp.com\/cdnoticias.com\/wp-content\/uploads\/2021\/02\/Andr%C3%A9s-Malamud-Leandro-Lanceta-1024x768.jpg?resize=800%2C600&#038;ssl=1\" alt=\"\" width=\"800\" height=\"600\" srcset=\"https:\/\/i0.wp.com\/cdnoticias.com\/wp-content\/uploads\/2021\/02\/Andr%C3%A9s-Malamud-Leandro-Lanceta.jpg?resize=1024%2C768&amp;ssl=1 1024w, https:\/\/i0.wp.com\/cdnoticias.com\/wp-content\/uploads\/2021\/02\/Andr%C3%A9s-Malamud-Leandro-Lanceta.jpg?resize=300%2C225&amp;ssl=1 300w, https:\/\/i0.wp.com\/cdnoticias.com\/wp-content\/uploads\/2021\/02\/Andr%C3%A9s-Malamud-Leandro-Lanceta.jpg?resize=768%2C576&amp;ssl=1 768w, https:\/\/i0.wp.com\/cdnoticias.com\/wp-content\/uploads\/2021\/02\/Andr%C3%A9s-Malamud-Leandro-Lanceta.jpg?w=1600&amp;ssl=1 1600w, https:\/\/i0.wp.com\/cdnoticias.com\/wp-content\/uploads\/2021\/02\/Andr%C3%A9s-Malamud-Leandro-Lanceta.jpg?w=2400&amp;ssl=1 2400w\" sizes=\"auto, (max-width: 800px) 100vw, 800px\" \/><\/p>\n<p>&nbsp;<\/p>\n<p><span style=\"font-weight: 400;\">Al final del d\u00eda, un poco en serio y un poco en broma, un dirigente radical que dialog\u00f3 con este newsletter dijo<em> \u201ccasi sin querer terminamos juntando al radicalismo como hac\u00eda tiempo no pasaba, solo quedaron afuera algunos que nunca les interes\u00f3 el partido. El resto, est\u00e1 con muchas ganas de arrancar la campa\u00f1a\u201d<\/em>. La disputa con el monzo\u00edsmo lo logr\u00f3.<\/span><\/p>\n<p>&nbsp;<\/p>\n<p><span style=\"font-weight: 400;\">A modo de recordatorio lo mencionamos: <strong>el piso para abrir las listas en las PASO es del 25% y con eso se pone en juego reci\u00e9n el quinto puesto.<\/strong><\/span><\/p>\n<p>&nbsp;<\/p>\n<p><b>Tambi\u00e9n habr\u00e1 PASO en la Secci\u00f3n<\/b><\/p>\n<p>&nbsp;<\/p>\n<p><span style=\"font-weight: 400;\">Como r\u00e9plica de este escenario cada lista inscribi\u00f3 sus precandidatos para el Senado provincial. Entre el jueves y el viernes hubo un rumor de posible acuerdo para ir con una sola lista, pero no hubo nada real.<\/span><\/p>\n<p>&nbsp;<\/p>\n<p><span style=\"font-weight: 400;\">Como ya te contamos Ezequiel Galli revalid\u00f3 su t\u00edtulo de jefe seccional y logr\u00f3 sorprender con el uno. <strong>Robbiani encabeza, la azule\u00f1a Lucrecia Egger es la 2 y Ramiro Ortiz es el tercero. El ex titular de PAMI de Azul, dicen que entr\u00f3 en el lugar que hab\u00eda pedido Jorge Macri.<\/strong><\/span><\/p>\n<p>&nbsp;<\/p>\n<p><span style=\"font-weight: 400;\">Esta lista va a cruzarse en internas con la del radicalismo: encabeza el alvearense <strong>Alejandro Cellillo y en el segundo lugar, tambi\u00e9n una azule\u00f1a, pero del GEN, Lorena Mandagar\u00e1n.<\/strong><\/span><\/p>\n<p>&nbsp;<\/p>\n<p><b>Un cierre un poco m\u00e1s calmo<\/b><\/p>\n<p>&nbsp;<\/p>\n<p><img data-recalc-dims=\"1\" loading=\"lazy\" decoding=\"async\" class=\"alignnone size-large wp-image-27553\" src=\"https:\/\/i0.wp.com\/cdnoticias.com\/wp-content\/uploads\/2021\/07\/E7Ebvd5XEAshnCB.jpg?resize=800%2C534&#038;ssl=1\" alt=\"\" width=\"800\" height=\"534\" srcset=\"https:\/\/i0.wp.com\/cdnoticias.com\/wp-content\/uploads\/2021\/07\/E7Ebvd5XEAshnCB.jpg?resize=1024%2C683&amp;ssl=1 1024w, https:\/\/i0.wp.com\/cdnoticias.com\/wp-content\/uploads\/2021\/07\/E7Ebvd5XEAshnCB.jpg?resize=300%2C200&amp;ssl=1 300w, https:\/\/i0.wp.com\/cdnoticias.com\/wp-content\/uploads\/2021\/07\/E7Ebvd5XEAshnCB.jpg?resize=768%2C512&amp;ssl=1 768w, https:\/\/i0.wp.com\/cdnoticias.com\/wp-content\/uploads\/2021\/07\/E7Ebvd5XEAshnCB.jpg?resize=272%2C182&amp;ssl=1 272w, https:\/\/i0.wp.com\/cdnoticias.com\/wp-content\/uploads\/2021\/07\/E7Ebvd5XEAshnCB.jpg?w=1280&amp;ssl=1 1280w\" sizes=\"auto, (max-width: 800px) 100vw, 800px\" \/><\/p>\n<p>&nbsp;<\/p>\n<p><span style=\"font-weight: 400;\">Los primeros lugares de la lista local del Frente de Todos ya hab\u00edan trascendido d\u00edas atr\u00e1s. C\u00e9sar Valicenti y Federico Aguilera estuvieron al frente del armado. En ediciones anteriores de VAF hablamos del \u201cpoco di\u00e1logo\u201d con otros sectores del oficialismo nacional y provincial que ten\u00edan ambos dirigentes, pero<strong> la verdad es que en Olavarr\u00eda prim\u00f3, al menos, la conformidad.<\/strong><\/span><\/p>\n<p>&nbsp;<\/p>\n<p><span style=\"font-weight: 400;\">Ya <strong>desde la ma\u00f1ana de ayer se hab\u00eda confirmado el primer lugar para Maxi Wesner.<\/strong> Por Aguilera primero y por el propio Wesner despu\u00e9s. En realidad el titular de Anses ya hab\u00eda cumplido con \u201c<em>los tres pasos para convertirte en candidato posta\u201d<\/em>: <strong>hab\u00eda abierto una cuenta de instagram, difund\u00eda recorridas y visitas a vecinos por la ciudad y \u2026 se sac\u00f3 una foto con un perrito. Esto \u00faltimo es mucho muy importante.<\/strong><\/span><\/p>\n<p>&nbsp;<\/p>\n<blockquote><p><span style=\"font-weight: 400;\">La lista que presentaron no dej\u00f3 nada librado al azar: respet\u00f3 los acuerdos que \u201cven\u00edan de arriba\u201d y buscaron la armon\u00eda entre los sectores que componen el frente incluso en el plano local.<\/span><\/p><\/blockquote>\n<p>&nbsp;<\/p>\n<p><span style=\"font-weight: 400;\">Si comparamos los armados con la lista propuesta por el Intendente, <strong>est\u00e1 claro que es un armado m\u00e1s \u201cpol\u00edtico\u201d<\/strong>:<em> \u201cest\u00e1n representados todos los sectores del Frente de Todos, trabajamos para que nadie se quede afuera y todos se sientan parte de esta lista\u201d<\/em> dijo uno\u00a0 de los protagonistas.\u00a0<\/span><\/p>\n<p>&nbsp;<\/p>\n<p><span style=\"font-weight: 400;\">En un hecho pr\u00e1cticamente in\u00e9dito para quienes venimos viendo cierres de lista del Frente de Todos hace a\u00f1os, poco antes de las 21 de ayer se difundi\u00f3 la lista completa.<\/span><\/p>\n<p>&nbsp;<\/p>\n<p><span style=\"font-weight: 400;\">Como se esperaba, a pesar de rumores en contrario de los d\u00edas anteriores,<strong> el massismo se qued\u00f3 con el tres a trav\u00e9s de Gast\u00f3n Sarachu. Y sorprendi\u00f3 que el cuatro fuera para la representante de Liliana Schwindt, Telma Cazot.<\/strong> Igualmente, atenti porque no hay massista entre los precandidatos a consejeros escolares y se esperaba la inclusi\u00f3n de al menos uno (un hombre).<\/span><\/p>\n<p>&nbsp;<\/p>\n<p><b>La tormenta perfecta<\/b><\/p>\n<p>&nbsp;<\/p>\n<p><img data-recalc-dims=\"1\" loading=\"lazy\" decoding=\"async\" class=\"alignnone size-large wp-image-27547\" src=\"https:\/\/i0.wp.com\/cdnoticias.com\/wp-content\/uploads\/2021\/07\/E7G_AdhWEAMsFLw.jpg?resize=800%2C598&#038;ssl=1\" alt=\"\" width=\"800\" height=\"598\" srcset=\"https:\/\/i0.wp.com\/cdnoticias.com\/wp-content\/uploads\/2021\/07\/E7G_AdhWEAMsFLw.jpg?resize=1024%2C766&amp;ssl=1 1024w, https:\/\/i0.wp.com\/cdnoticias.com\/wp-content\/uploads\/2021\/07\/E7G_AdhWEAMsFLw.jpg?resize=300%2C225&amp;ssl=1 300w, https:\/\/i0.wp.com\/cdnoticias.com\/wp-content\/uploads\/2021\/07\/E7G_AdhWEAMsFLw.jpg?resize=768%2C575&amp;ssl=1 768w, https:\/\/i0.wp.com\/cdnoticias.com\/wp-content\/uploads\/2021\/07\/E7G_AdhWEAMsFLw.jpg?w=1280&amp;ssl=1 1280w\" sizes=\"auto, (max-width: 800px) 100vw, 800px\" \/><\/p>\n<p>&nbsp;<\/p>\n<p><span style=\"font-weight: 400;\">Ese lago de aguas tranquilas que te describimos no se parece en nada al<strong> r\u00edo revuelto que fue el cierre seccional de Todos.<\/strong> Para contar los heridos necesit\u00e1s al menos las dos manos. <em>\u201cCreemos que tendremos un cierre tranquilo\u201d<\/em> dijeron en la ma\u00f1ana del s\u00e1bado. <strong>Listo, el elemento que faltaba para que todo se complique.\u00a0\u00a0<\/strong><\/span><\/p>\n<p>&nbsp;<\/p>\n<p><span style=\"font-weight: 400;\">El escenario estuvo precedido por un salto: <strong>el jueves Eduardo \u201cBali\u201d Bucca se reuni\u00f3 con Alberto Fern\u00e1ndez (y con su perro Dylan) con lo que confirm\u00f3 su paso al oficialismo nacional<\/strong> y su salida del sector de Lavagna que ya hab\u00eda acordado con Florencio Randazzo.<\/span><\/p>\n<p>&nbsp;<\/p>\n<blockquote class=\"twitter-tweet\">\n<p dir=\"ltr\" lang=\"es\">Con el Presidente <a href=\"https:\/\/twitter.com\/alferdez?ref_src=twsrc%5Etfw\">@alferdez<\/a> charlamos de los desaf\u00edos que el Pa\u00eds y la Provincia enfrentan en los tiempos dif\u00edciles que vivimos. Coincidimos en la necesidad de generar condiciones sanitarias y productivas para reconstruir la econom\u00eda y poner la Argentina de pie.<a href=\"https:\/\/twitter.com\/hashtag\/LaSaludNosUne?src=hash&amp;ref_src=twsrc%5Etfw\">#LaSaludNosUne<\/a> <a href=\"https:\/\/t.co\/vcuRIMBc4r\">pic.twitter.com\/vcuRIMBc4r<\/a><\/p>\n<p>\u2014 Eduardo Bali Bucca (@BuccaBali) <a href=\"https:\/\/twitter.com\/BuccaBali\/status\/1418684377932959745?ref_src=twsrc%5Etfw\">July 23, 2021<\/a><\/p><\/blockquote>\n<p><script async src=\"https:\/\/platform.twitter.com\/widgets.js\" charset=\"utf-8\"><\/script><\/p>\n<p>&nbsp;<\/p>\n<p><span style=\"font-weight: 400;\">Si bien se especul\u00f3 que esa reuni\u00f3n podr\u00eda abrirle la puerta a la reelecci\u00f3n en diputados de la Naci\u00f3n, r\u00e1pidamente qued\u00f3 en claro que Bali iba a ser el uno en la lista seccional. <strong>El Frente de Todos pretende sumar s\u00ed o s\u00ed al menos un legislador provincial en la S\u00e9ptima para lograr la mayor\u00eda en el Senado que hoy ostenta Juntos. Y ese uno era \u201cel candidato de Alberto\u201d.<\/strong><\/span><\/p>\n<p>&nbsp;<\/p>\n<p><span style=\"font-weight: 400;\">La dos es<strong> Liliana Schwindt, quien tampoco renovar\u00e1 mandato nacional, y viene a reforzar muy bien la propuesta para la S\u00e9ptima de Todos.<\/strong> Su incorporaci\u00f3n fue interpretada como \u201cla candidata de M\u00e1ximo Kirchner\u201d y es la referente seccional de La Corriente de la Militancia.<\/span><\/p>\n<p>&nbsp;<\/p>\n<p><span style=\"font-weight: 400;\">Ahora bien,<strong> los intendentes de la S\u00e9ptima (y Walter Abarca) pretend\u00edan tener su propio candidato seccional. Hern\u00e1n Ralinqueo apostaba a ser el uno de la lista.<\/strong> En las \u00faltimas horas son\u00f3 el nombre de Chinchu Gasparini para ocupar la representaci\u00f3n de los intendentes, a pesar de que es integrante de la junta electoral partidaria. <strong>Pero hete aqu\u00ed que tambi\u00e9n C\u00e9sar Valicenti pretend\u00eda un candidato propio en ese armado: Federico Aguilera.<\/strong><\/span><\/p>\n<p>&nbsp;<\/p>\n<p><img data-recalc-dims=\"1\" loading=\"lazy\" decoding=\"async\" class=\"alignnone size-full wp-image-27548\" src=\"https:\/\/i0.wp.com\/cdnoticias.com\/wp-content\/uploads\/2021\/07\/E7HGr_JXoAAhGDQ.jpg?resize=768%2C768&#038;ssl=1\" alt=\"\" width=\"768\" height=\"768\" srcset=\"https:\/\/i0.wp.com\/cdnoticias.com\/wp-content\/uploads\/2021\/07\/E7HGr_JXoAAhGDQ.jpg?w=768&amp;ssl=1 768w, https:\/\/i0.wp.com\/cdnoticias.com\/wp-content\/uploads\/2021\/07\/E7HGr_JXoAAhGDQ.jpg?resize=150%2C150&amp;ssl=1 150w, https:\/\/i0.wp.com\/cdnoticias.com\/wp-content\/uploads\/2021\/07\/E7HGr_JXoAAhGDQ.jpg?resize=300%2C300&amp;ssl=1 300w\" sizes=\"auto, (max-width: 768px) 100vw, 768px\" \/><\/p>\n<p>&nbsp;<\/p>\n<p><span style=\"font-weight: 400;\">Hab\u00eda reuniones, cruces de mensajes, m\u00e1s discusiones y nadie aflojaba. Reci\u00e9n a las 11 de la noche se difundi\u00f3 una lista y mostr\u00f3 ganador a Valicenti.<strong> Cuando todos cre\u00edamos que la discusi\u00f3n pasaba por qui\u00e9n se quedaba con el tercer lugar (y el posible reemplazo por g\u00e9nero de Bucca en caso de no asumir) en realidad los Intendentes quer\u00edan el 1 o nada.<\/strong> <em>\u201cInexplicable que se pongan as\u00ed de caprichosos\u201d<\/em> dijo un dirigente que estuvo presente en las discusiones.\u00a0<\/span><\/p>\n<p>&nbsp;<\/p>\n<p><span style=\"font-weight: 400;\">La pelea interna recrudeci\u00f3: le endilgaban a Valicenti que Olavarr\u00eda se qued\u00f3 dos lugares. <strong>Un intendente amag\u00f3 con presentar otra lista y competir en internas con la ya oficializada. Hasta que dejamos de escribir esto, no hab\u00eda sucedido aunque la discusi\u00f3n segu\u00eda.<\/strong><\/span><\/p>\n<p>&nbsp;<\/p>\n<p><span style=\"font-weight: 400;\">Despu\u00e9s, lo que se vend\u00eda como <em>\u201ctodos los intendentes de la S\u00e9ptima\u201d<\/em> baj\u00f3 al <em>\u201cdiputado Walter Abarca, Hern\u00e1n Ralinqueo y Chinchu Gasparini\u201d<\/em> dado que Gustavo Cocconi y Marcos Pisano<em> \u201cacompa\u00f1aban la propuesta de Bali encabezando Secci\u00f3n\u201d.\u00a0<\/em><\/span><\/p>\n<p>&nbsp;<\/p>\n<p><span style=\"font-weight: 400;\">Aqu\u00ed quedan por se\u00f1alar dos cuestiones. La primera, el liderazgo de la S\u00e9ptima en el Frente de Todos parece estar cuestionado. <strong>O al menos los intendentes no se sienten representados en la definici\u00f3n de candidaturas.<\/strong><\/span><\/p>\n<p>&nbsp;<\/p>\n<p><span style=\"font-weight: 400;\">La segunda, sin un<em> \u201ccandidato de los intendentes\u201d<\/em>, \u00bfc\u00f3mo se comportar\u00e1n en esta campa\u00f1a? \u00bfqu\u00e9 tan activos los vamos a ver?<\/span><\/p>\n<p>&nbsp;<\/p>\n<p><b>\u00bfEseverri candidato?<\/b><\/p>\n<p>&nbsp;<\/p>\n<p><img data-recalc-dims=\"1\" loading=\"lazy\" decoding=\"async\" class=\"alignnone size-large wp-image-15019\" src=\"https:\/\/i0.wp.com\/cdnoticias.com\/wp-content\/uploads\/2021\/03\/DSC_9538.jpg?resize=800%2C495&#038;ssl=1\" alt=\"\" width=\"800\" height=\"495\" srcset=\"https:\/\/i0.wp.com\/cdnoticias.com\/wp-content\/uploads\/2021\/03\/DSC_9538.jpg?resize=1024%2C633&amp;ssl=1 1024w, https:\/\/i0.wp.com\/cdnoticias.com\/wp-content\/uploads\/2021\/03\/DSC_9538.jpg?resize=300%2C186&amp;ssl=1 300w, https:\/\/i0.wp.com\/cdnoticias.com\/wp-content\/uploads\/2021\/03\/DSC_9538.jpg?resize=768%2C475&amp;ssl=1 768w, https:\/\/i0.wp.com\/cdnoticias.com\/wp-content\/uploads\/2021\/03\/DSC_9538.jpg?w=1600&amp;ssl=1 1600w, https:\/\/i0.wp.com\/cdnoticias.com\/wp-content\/uploads\/2021\/03\/DSC_9538.jpg?w=2400&amp;ssl=1 2400w\" sizes=\"auto, (max-width: 800px) 100vw, 800px\" \/><\/p>\n<p>&nbsp;<\/p>\n<p><span style=\"font-weight: 400;\">S\u00ed, \u00e9l dijo que no se postulaba en estas elecciones y que su sector no jugaba en ning\u00fan \u00e1mbito.<strong> Peeeero\u2026 hubo una ma\u00f1ana en la que Jos\u00e9 Eseverri fue requerido en una lista del Frente de Todos.<\/strong><\/span><\/p>\n<p>&nbsp;<\/p>\n<p><span style=\"font-weight: 400;\">Gabriel Katopodis lo hab\u00eda sondeado como su hombre para estar en un lugar importante de la n\u00f3mina de precandidatos. Habr\u00edan pesado la confianza personal y la muy buena imagen de Eseverri en las encuestas locales.<\/span><\/p>\n<p>&nbsp;<\/p>\n<p><span style=\"font-weight: 400;\">El jueves a la ma\u00f1ana recibi\u00f3 el mensaje.<strong> Dicen que el ex intendente de Olavarr\u00eda no ten\u00eda ninguna intenci\u00f3n de postularse y que todas sus respuestas fueron resistencia.<\/strong> Incluso, que hizo recomendaciones de por d\u00f3nde buscar mejores figuras.<\/span><\/p>\n<p>&nbsp;<\/p>\n<p><strong>Al final logr\u00f3 imponer el no.\u00a0<\/strong><\/p>\n<p>&nbsp;<\/p>\n<p><span style=\"font-weight: 400;\">De esto se desprenden dos cuestiones para nada menores<strong>: Eseverri mantuvo su palabra y ratific\u00f3 que no ten\u00eda intenciones de jugar en estas elecciones<\/strong>, algo que no se terminaba de creer dada su condici\u00f3n de \u201canimal pol\u00edtico\u201d en el escenario local y en otros estamentos.<\/span><\/p>\n<p>&nbsp;<\/p>\n<p><span style=\"font-weight: 400;\">La segunda cuesti\u00f3n es la m\u00e1s impactante: <strong>es la primera vez, desde el regreso a la democracia, que el eseverrismo no tendr\u00e1 ni a un Eseverri ni a un dirigente elegido por Eseverri en una postulaci\u00f3n electiva. Es el fin de una era.<\/strong><\/span><\/p>\n<p>&nbsp;<\/p>\n<p><span style=\"font-weight: 400;\"><strong>Lo que parec\u00eda el dato menor, incluso hasta de un negocio inmobiliario por la venta de la Casa Helios Eseverri<\/strong>, se transform\u00f3 quiz\u00e1s en la punta de un iceberg que da cuenta, clara cuenta, de que todo finaliza 38 a\u00f1os despu\u00e9s.\u00a0<\/span><\/p>\n<p>&nbsp;<\/p>\n<blockquote><p><span style=\"font-weight: 400;\">El nombre Eseverri marca un pedazo de la historia local. Tambi\u00e9n la actual legislaci\u00f3n potenciar\u00e1 la \u00e9poca eseverrista: entre Helios y Jos\u00e9 gobernaron 28 a\u00f1os la ciudad. Hoy, esa cifra es imposible de alcanzar por la limitaci\u00f3n de reelecciones.\u00a0<\/span><\/p><\/blockquote>\n<p>&nbsp;<\/p>\n<p><span style=\"font-weight: 400;\"><strong>Para tomar magnitud<\/strong> de lo que pas\u00f3 con el cierre de listas de este s\u00e1bado por la noche.<\/span><\/p>\n<p>&nbsp;<\/p>\n<p><b>Dos tipos de desencantados<\/b><\/p>\n<p>&nbsp;<\/p>\n<p><span style=\"font-weight: 400;\">Este cierre de listas deja dos tipos de personas desencantadas.<strong> Esto es m\u00e1s que curioso y hasta te dir\u00edamos, bastante in\u00e9dito.<\/strong><\/span><\/p>\n<p>&nbsp;<\/p>\n<p><span style=\"font-weight: 400;\">Resulta que como cada cierre de listas, hay muchas personas que quer\u00edan ser candidatos y no pudieron. <strong>Hoy est\u00e1n desencantados, desilusionados, hasta se enojaron a nivel de la ira.<\/strong><\/span><\/p>\n<p>&nbsp;<\/p>\n<blockquote><p><span style=\"font-weight: 400;\">Pero eso que te contamos que pas\u00f3 con Jos\u00e9 Eseverri se repiti\u00f3 con varios m\u00e1s, en distintos frentes y partidos (al menos lo vimos directamente en Olavarr\u00eda y en la S\u00e9ptima).<\/span><\/p><\/blockquote>\n<p>&nbsp;<\/p>\n<p><span style=\"font-weight: 400;\">La cuesti\u00f3n es que hay personas mencionadas en la previa como potenciales candidatos (y algunos ahora candidatos) que no ten\u00edan ninguna intenci\u00f3n de serlo. <strong>Obviamente van a poner la mejor cara para la campa\u00f1a, pero te juramos que es rar\u00edsimo.<\/strong><\/span><\/p>\n<p>&nbsp;<\/p>\n<p><span style=\"font-weight: 400;\">En general se trata de personas que tienen un cargo en el Ejecutivo (en cualquier nivel) o que tienen un espacio laboral ya en marcha y no tienen ninguna intenci\u00f3n de dejarlo.\u00a0<\/span><\/p>\n<p>&nbsp;<\/p>\n<p><span style=\"font-weight: 400;\">En el caso del \u00e1mbito nacional y el provincial, se dej\u00f3 el planteo de que la inclusi\u00f3n en las listas pod\u00eda significar \u201cun castigo\u201d por el desempe\u00f1o en el cargo en cuesti\u00f3n. Y tambi\u00e9n la evidencia de que ese cargo es pretendido por otros espacios internos de la misma gesti\u00f3n que ven en la salida del titular para pasar al Legislativo una oportunidad para ubicar a su propia gente.<\/span><\/p>\n<p>&nbsp;<\/p>\n<p><b>En el randazzismo, Olavarr\u00eda aguant\u00f3 el vendaval<\/b><\/p>\n<p>&nbsp;<\/p>\n<p><img data-recalc-dims=\"1\" loading=\"lazy\" decoding=\"async\" class=\"alignnone size-full wp-image-23468\" src=\"https:\/\/i0.wp.com\/cdnoticias.com\/wp-content\/uploads\/2021\/06\/WhatsApp-Image-2021-06-08-at-13.04.41.jpeg?resize=692%2C575&#038;ssl=1\" alt=\"\" width=\"692\" height=\"575\" srcset=\"https:\/\/i0.wp.com\/cdnoticias.com\/wp-content\/uploads\/2021\/06\/WhatsApp-Image-2021-06-08-at-13.04.41.jpeg?w=692&amp;ssl=1 692w, https:\/\/i0.wp.com\/cdnoticias.com\/wp-content\/uploads\/2021\/06\/WhatsApp-Image-2021-06-08-at-13.04.41.jpeg?resize=300%2C249&amp;ssl=1 300w\" sizes=\"auto, (max-width: 692px) 100vw, 692px\" \/><\/p>\n<p>&nbsp;<\/p>\n<p><span style=\"font-weight: 400;\"><strong>Imaginate muchas manos peleando por el alcance de una frazada, que en realidad es una rejilla<\/strong>. Bueno, hablemos de las disputas internas del randazzismo.<\/span><\/p>\n<p>&nbsp;<\/p>\n<p><span style=\"font-weight: 400;\">Para el Concejo Deliberante,<strong> Andrea Coronel logr\u00f3 sostenerse como cabeza de lista de Vamos con vos<\/strong> y cerr\u00f3 acuerdo con el Partido Socialista para la lista local.\u00a0<\/span><\/p>\n<p>&nbsp;<\/p>\n<p><span style=\"font-weight: 400;\">Pero a nivel seccional la pelea fue dur\u00edsima.<strong> Desde temprano se habl\u00f3 de Maricel Cides en el primer lugar. La actual funcionaria del Municipio y cercana a Jos\u00e9 Stuppia logr\u00f3 superar los embates de otros sectores que ven\u00edan por ese puesto<\/strong>, incluso se nombr\u00f3 al hist\u00f3rico armador del peronismo en la secci\u00f3n, Isidoro Laso, como uno de los interesados en ubicar a su propia gente.<\/span><\/p>\n<p>&nbsp;<\/p>\n<p><img data-recalc-dims=\"1\" loading=\"lazy\" decoding=\"async\" class=\"alignnone size-large wp-image-15316\" src=\"https:\/\/i0.wp.com\/cdnoticias.com\/wp-content\/uploads\/2021\/03\/a-cides-1.jpg?resize=800%2C534&#038;ssl=1\" alt=\"\" width=\"800\" height=\"534\" srcset=\"https:\/\/i0.wp.com\/cdnoticias.com\/wp-content\/uploads\/2021\/03\/a-cides-1.jpg?resize=1024%2C684&amp;ssl=1 1024w, https:\/\/i0.wp.com\/cdnoticias.com\/wp-content\/uploads\/2021\/03\/a-cides-1.jpg?resize=300%2C200&amp;ssl=1 300w, https:\/\/i0.wp.com\/cdnoticias.com\/wp-content\/uploads\/2021\/03\/a-cides-1.jpg?resize=768%2C513&amp;ssl=1 768w, https:\/\/i0.wp.com\/cdnoticias.com\/wp-content\/uploads\/2021\/03\/a-cides-1.jpg?resize=272%2C182&amp;ssl=1 272w, https:\/\/i0.wp.com\/cdnoticias.com\/wp-content\/uploads\/2021\/03\/a-cides-1.jpg?w=1280&amp;ssl=1 1280w\" sizes=\"auto, (max-width: 800px) 100vw, 800px\" \/><\/p>\n<p>&nbsp;<\/p>\n<p><span style=\"font-weight: 400;\">Por varias horas hubo un azule\u00f1o en el segundo lugar, pero entrada la tarde qued\u00f3 en duda y al cierre del d\u00eda no se hab\u00eda confirmado. Y la pelea segu\u00eda en las oficinas de Puerto Madero donde se organiz\u00f3 el cierre.<\/span><\/p>\n<p>&nbsp;<\/p>\n<p><strong>Un extracto<\/strong><\/p>\n<p>&nbsp;<\/p>\n<p>Estos temas, y otros m\u00e1s de la actualidad del \u00e1mbito pol\u00edtico local, se publicaron en la edici\u00f3n de este domingo del newsletter\u00a0<strong>Volver a las Fuentes<\/strong>\u00a0\u2013en esta edici\u00f3n,\u00a0<strong>\u201cApostillas de un cierre de listas con sobredosis de rosca\u201d<\/strong>\u00a0\u2013 que escriben semanalmente\u00a0<em>Alexis Grierson<\/em>\u00a0y\u00a0<em>Josefina Bargas<\/em>.<\/p>\n<p>&nbsp;<\/p>\n<p>La publicaci\u00f3n es gratuita, sale todos los domingos a la ma\u00f1ana.\u00a0<a href=\"https:\/\/us17.campaign-archive.com\/?u=cba2a41506a8e26d100c3f0f8&amp;id=79ae885813\" target=\"_blank\" rel=\"noopener\">La edici\u00f3n completa ac\u00e1<\/a>\u00a0y la<a href=\"https:\/\/gmail.us17.list-manage.com\/subscribe?u=cba2a41506a8e26d100c3f0f8&amp;id=63ce583cd9\" target=\"_blank\" rel=\"noopener\">\u00a0suscripci\u00f3n est\u00e1 abierta aqu\u00ed.<\/a><\/p>\n","protected":false},"excerpt":{"rendered":"<p>La lista de Galli, con simbolismos. La pol\u00edtica prevaleci\u00f3 en el Frente de Todos. La novela del radicalismo y el<\/p>\n","protected":false},"author":2,"featured_media":27555,"comment_status":"closed","ping_status":"closed","sticky":false,"template":"","format":"standard","meta":{"_jetpack_memberships_contains_paid_content":false,"footnotes":""},"categories":[4,1],"tags":[],"class_list":["post-27552","post","type-post","status-publish","format-standard","has-post-thumbnail","hentry","category-politica","category-portada"],"jetpack_featured_media_url":"https:\/\/i0.wp.com\/cdnoticias.com\/wp-content\/uploads\/2021\/07\/aguilera-robbiani.jpg?fit=4608%2C3072&ssl=1","jetpack_sharing_enabled":true,"_links":{"self":[{"href":"https:\/\/cdnoticias.com\/index.php\/wp-json\/wp\/v2\/posts\/27552","targetHints":{"allow":["GET"]}}],"collection":[{"href":"https:\/\/cdnoticias.com\/index.php\/wp-json\/wp\/v2\/posts"}],"about":[{"href":"https:\/\/cdnoticias.com\/index.php\/wp-json\/wp\/v2\/types\/post"}],"author":[{"embeddable":true,"href":"https:\/\/cdnoticias.com\/index.php\/wp-json\/wp\/v2\/users\/2"}],"replies":[{"embeddable":true,"href":"https:\/\/cdnoticias.com\/index.php\/wp-json\/wp\/v2\/comments?post=27552"}],"version-history":[{"count":0,"href":"https:\/\/cdnoticias.com\/index.php\/wp-json\/wp\/v2\/posts\/27552\/revisions"}],"wp:featuredmedia":[{"embeddable":true,"href":"https:\/\/cdnoticias.com\/index.php\/wp-json\/wp\/v2\/media\/27555"}],"wp:attachment":[{"href":"https:\/\/cdnoticias.com\/index.php\/wp-json\/wp\/v2\/media?parent=27552"}],"wp:term":[{"taxonomy":"category","embeddable":true,"href":"https:\/\/cdnoticias.com\/index.php\/wp-json\/wp\/v2\/categories?post=27552"},{"taxonomy":"post_tag","embeddable":true,"href":"https:\/\/cdnoticias.com\/index.php\/wp-json\/wp\/v2\/tags?post=27552"}],"curies":[{"name":"wp","href":"https:\/\/api.w.org\/{rel}","templated":true}]}}