{"id":27543,"date":"2021-07-24T21:14:30","date_gmt":"2021-07-25T00:14:30","guid":{"rendered":"http:\/\/www.centraldenoticias.com.ar\/?p=27543"},"modified":"2021-07-27T14:53:28","modified_gmt":"2021-07-27T17:53:28","slug":"el-frente-de-todos-oficializo-la-nomina-de-precandidatos-en-olavarria","status":"publish","type":"post","link":"https:\/\/cdnoticias.com\/index.php\/2021\/07\/24\/el-frente-de-todos-oficializo-la-nomina-de-precandidatos-en-olavarria\/","title":{"rendered":"El Frente de Todos oficializ\u00f3 la n\u00f3mina de precandidatos en Olavarr\u00eda"},"content":{"rendered":"<p>No hubo sorpresas en los tres primeros lugares: Wesner, Natalia \u00c1lvarez y Sarachu. Telma Cazot, con posibilidades de entrar. Ariel Rodr\u00edguez, primer precandidato a consejero escolar.\u00a0<!--more--><\/p>\n<hr \/>\n<p>Tras la confirmaci\u00f3n de<a href=\"https:\/\/cdnoticias.com\/index.php\/2021\/07\/24\/maximiliano-wesner-encabezara-la-lista-de-concejales-del-frente-de-todos-olavarria\/\" target=\"_blank\" rel=\"noopener\"> Maximiliano Wesner como primer precandidato a concejal por el Frente de Todos en Olavarr\u00eda<\/a>, <strong>el espacio dio a conocer la n\u00f3mina completa que participar\u00e1 de las PASO el 12 de septiembre.<\/strong><\/p>\n<p>&nbsp;<\/p>\n<blockquote><p>Sin grandes sorpresas, a Wesner lo acompa\u00f1ar\u00e1n la psic\u00f3loga Natalia \u00c1lvarez y el delegado de la CNRT local Gast\u00f3n Sarachu, del massismo. Telma Cazot estar\u00e1 en el cuarto lugar y el m\u00e9dico veterinario Agust\u00edn Romero en el quinto.<\/p><\/blockquote>\n<p>&nbsp;<\/p>\n<p>Con respecto a los consejeros escolares,<strong> el profesor Ariel Rodr\u00edguez tendr\u00e1 el primer lugar, seguido de la profesora de Ciencias Jur\u00eddicas y Contables\/Ciencias Sociales Mariana Mart\u00ednez.<\/strong><\/p>\n<p>&nbsp;<\/p>\n<p>Con respecto a los precandidatos a senadores por la S\u00e9ptima Secci\u00f3n a\u00fan no hubo definiciones: ser\u00e1 uno de los \u00faltimos cierres de cara a las elecciones venideras.<\/p>\n<p>&nbsp;<\/p>\n<p><img data-recalc-dims=\"1\" loading=\"lazy\" decoding=\"async\" class=\"alignnone size-full wp-image-27544\" src=\"https:\/\/i0.wp.com\/cdnoticias.com\/wp-content\/uploads\/2021\/07\/WhatsApp-Image-2021-07-24-at-20.54.34.jpeg?resize=800%2C800&#038;ssl=1\" alt=\"\" width=\"800\" height=\"800\" srcset=\"https:\/\/i0.wp.com\/cdnoticias.com\/wp-content\/uploads\/2021\/07\/WhatsApp-Image-2021-07-24-at-20.54.34.jpeg?w=1280&amp;ssl=1 1280w, https:\/\/i0.wp.com\/cdnoticias.com\/wp-content\/uploads\/2021\/07\/WhatsApp-Image-2021-07-24-at-20.54.34.jpeg?resize=150%2C150&amp;ssl=1 150w, https:\/\/i0.wp.com\/cdnoticias.com\/wp-content\/uploads\/2021\/07\/WhatsApp-Image-2021-07-24-at-20.54.34.jpeg?resize=300%2C300&amp;ssl=1 300w, https:\/\/i0.wp.com\/cdnoticias.com\/wp-content\/uploads\/2021\/07\/WhatsApp-Image-2021-07-24-at-20.54.34.jpeg?resize=768%2C768&amp;ssl=1 768w, https:\/\/i0.wp.com\/cdnoticias.com\/wp-content\/uploads\/2021\/07\/WhatsApp-Image-2021-07-24-at-20.54.34.jpeg?resize=1024%2C1024&amp;ssl=1 1024w\" sizes=\"auto, (max-width: 800px) 100vw, 800px\" \/><\/p>\n<p>&nbsp;<\/p>\n<p>El listado es el siguiente:<\/p>\n<p>&nbsp;<\/p>\n<p>1)<strong>Maximiliano Wesner<\/strong> &#8211; Contador P\u00fablico, Jefe de la UDAI ANSES local.<\/p>\n<p>2)<strong>Natalia \u00c1lvarez<\/strong> &#8211; Lic. en Psicolog\u00eda, Coordinadora de una de las postas de vacunaci\u00f3n.<\/p>\n<p>3)<strong>Gast\u00f3n Sarachu<\/strong> -T\u00e9cnico Superior en An\u00e1lisis de Sistemas &#8211; Subdelegado de la Comisi\u00f3n Nacional de Regulaci\u00f3n del Transporte en Olavarr\u00eda y regi\u00f3n centro.<\/p>\n<p>4)<strong>Telma Cazot<\/strong> &#8211; Abogada, Mediadora, Docente de nivel secundario Terciario Escribana.<\/p>\n<p>5)<strong>Agust\u00edn Romero<\/strong> &#8211; M\u00e9dico Veterinario Diplomado en Cl\u00ednica y Cirug\u00eda de peque\u00f1os animales. Posgrado en la Universidad Lyon Espa\u00f1a en tecnolog\u00eda de los alimentos. Tutor de Residencias de la facultad de veterinarias de la UNICEN<\/p>\n<p>6)<strong>Hosanna Cazola<\/strong> &#8211; Profesora de Filosof\u00eda, Licenciada en Educaci\u00f3n, especialista en Investigaci\u00f3n Educativa &#8211; Coordinadora de la 7ma regi\u00f3n de la Unidad de Pol\u00edticas transversales del Ministerio de Mujeres, Pol\u00edticas de g\u00e9nero y Diversidad sexual<\/p>\n<p>7)<strong>Hern\u00e1n Quiroga<\/strong> &#8211; Muse\u00f3logo especialista en patrimonio cultural y natural &#8211; Trabajador en el Museo de las Ciencias de Olavarr\u00eda.<\/p>\n<p>8)<strong>Agostina Mazzeo<\/strong> &#8211; Profesora de Biolog\u00eda, estudia profesorado de Educaci\u00f3n F\u00edsica y se desempe\u00f1a como trabajadora de una de las postas de vacunaci\u00f3n.<\/p>\n<p>9)<strong>Guillermo P\u00e9rez<\/strong> &#8211; Profesor de Lengua y Literatura, Docente con trayectoria en escuelas rurales y urbanas de gesti\u00f3n p\u00fablica y privada<\/p>\n<p>10)<strong>Sandra Botasi<\/strong> &#8211; Medica Veterinaria, especializaci\u00f3n en pr\u00e1cticas socio educativas de nivel secundario, Directora de la Escuela de Educaci\u00f3n Agraria N\u00b01 y Docente en el Instituto Superior de Formaci\u00f3n Docente N\u00b022 en el profesorado de Biolog\u00eda.<\/p>\n<p>CONSEJEROS ESCOLARES:<\/p>\n<p>1) <strong>Ariel Rodr\u00edguez<\/strong> &#8211; Profesor de escuela primaria, Director de la Escuela Rural N\u00b021 Estaci\u00f3n Pourtal\u00e9, docente con trayectoria en escuelas p\u00fablicas y en la cultura popular de Olavarr\u00eda. Docente con trayectoria en escuela p\u00fablica.<\/p>\n<p>2) <strong>Mariana Mart\u00ednez<\/strong> &#8211; Profesora de Ciencias Jur\u00eddicas y Contables\/Ciencias Sociales, Docente con trayectoria en escuelas rurales y urbanas de gesti\u00f3n p\u00fablica y privada \u2013 Coordinadora Regional Fines (Regi\u00f3n 25).<\/p>\n<p>3) <strong>Javier Zelaya<\/strong> &#8211; Profesor de Geograf\u00eda, Docente con trayectoria en escuelas rurales y urbanas de gesti\u00f3n p\u00fablica y privada.<\/p>\n<p>4) <strong>Soledad Rodr\u00edguez<\/strong> &#8211; Docente de escuelas primarias con trayectoria en escuelas de gesti\u00f3n p\u00fablicas, y escuelas populares. Acompa\u00f1ante Terap\u00e9utica de Red Puentes.<\/p>\n","protected":false},"excerpt":{"rendered":"<p>No hubo sorpresas en los tres primeros lugares: Wesner, Natalia \u00c1lvarez y Sarachu. Telma Cazot, con posibilidades de entrar. Ariel<\/p>\n","protected":false},"author":5,"featured_media":27531,"comment_status":"closed","ping_status":"closed","sticky":false,"template":"","format":"standard","meta":{"_jetpack_memberships_contains_paid_content":false,"footnotes":""},"categories":[4,1],"tags":[],"class_list":["post-27543","post","type-post","status-publish","format-standard","has-post-thumbnail","hentry","category-politica","category-portada"],"jetpack_featured_media_url":"https:\/\/i0.wp.com\/cdnoticias.com\/wp-content\/uploads\/2021\/07\/WhatsApp-Image-2021-07-24-at-16.26.27.jpeg?fit=1232%2C816&ssl=1","jetpack_sharing_enabled":true,"_links":{"self":[{"href":"https:\/\/cdnoticias.com\/index.php\/wp-json\/wp\/v2\/posts\/27543","targetHints":{"allow":["GET"]}}],"collection":[{"href":"https:\/\/cdnoticias.com\/index.php\/wp-json\/wp\/v2\/posts"}],"about":[{"href":"https:\/\/cdnoticias.com\/index.php\/wp-json\/wp\/v2\/types\/post"}],"author":[{"embeddable":true,"href":"https:\/\/cdnoticias.com\/index.php\/wp-json\/wp\/v2\/users\/5"}],"replies":[{"embeddable":true,"href":"https:\/\/cdnoticias.com\/index.php\/wp-json\/wp\/v2\/comments?post=27543"}],"version-history":[{"count":0,"href":"https:\/\/cdnoticias.com\/index.php\/wp-json\/wp\/v2\/posts\/27543\/revisions"}],"wp:featuredmedia":[{"embeddable":true,"href":"https:\/\/cdnoticias.com\/index.php\/wp-json\/wp\/v2\/media\/27531"}],"wp:attachment":[{"href":"https:\/\/cdnoticias.com\/index.php\/wp-json\/wp\/v2\/media?parent=27543"}],"wp:term":[{"taxonomy":"category","embeddable":true,"href":"https:\/\/cdnoticias.com\/index.php\/wp-json\/wp\/v2\/categories?post=27543"},{"taxonomy":"post_tag","embeddable":true,"href":"https:\/\/cdnoticias.com\/index.php\/wp-json\/wp\/v2\/tags?post=27543"}],"curies":[{"name":"wp","href":"https:\/\/api.w.org\/{rel}","templated":true}]}}