{"id":27533,"date":"2021-07-24T19:58:17","date_gmt":"2021-07-24T22:58:17","guid":{"rendered":"http:\/\/www.centraldenoticias.com.ar\/?p=27533"},"modified":"2021-07-24T21:14:45","modified_gmt":"2021-07-25T00:14:45","slug":"el-radicalismo-arma-lista-de-puros-y-encabezara-belen-vergel","status":"publish","type":"post","link":"https:\/\/cdnoticias.com\/index.php\/2021\/07\/24\/el-radicalismo-arma-lista-de-puros-y-encabezara-belen-vergel\/","title":{"rendered":"El radicalismo arma lista de puros y encabezar\u00e1 Bel\u00e9n Vergel"},"content":{"rendered":"<p>Enfrentar\u00e1n en la interna a la lista de Bruno Cenizo. Matrella, de la Sociedad Rural, la sorpresa. El monzo\u00edsmo \u201cse qued\u00f3 afuera\u201d.\u00a0<!--more--><\/p>\n<hr \/>\n<p>Tras rumores, idas y vueltas, el radicalismo confirm\u00f3 las candidaturas que se enfrentar\u00e1n, en la interna de Juntos, a la lista encabezada por Bruno Cenizo y que tiene referencia en el Intendente Galli. <strong>Bel\u00e9n Vergel tendr\u00e1 el nombre m\u00e1s importante del armado radical que, adem\u00e1s, dej\u00f3 afuera al monzo\u00edsmo.<\/strong><\/p>\n<p>&nbsp;<\/p>\n<blockquote><p>La lista, que tendr\u00e1 en el 1 a Vergel, le siguen el presidente de la Sociedad Rural Sebasti\u00e1n Matrella en el n\u00famero 2, a Gabriela D\u00edaz en el 3, y Francisco \u201cPancho\u201d Gonz\u00e1lez ocupar\u00e1 el lugar n\u00famero 4 de la lista de precandidatos.<\/p><\/blockquote>\n<p>&nbsp;<\/p>\n<p><img data-recalc-dims=\"1\" loading=\"lazy\" decoding=\"async\" class=\"alignnone size-full wp-image-26201\" src=\"https:\/\/i0.wp.com\/cdnoticias.com\/wp-content\/uploads\/2021\/07\/banderazo-sociedad-rural-matrella.jpg?resize=800%2C445&#038;ssl=1\" alt=\"\" width=\"800\" height=\"445\" srcset=\"https:\/\/i0.wp.com\/cdnoticias.com\/wp-content\/uploads\/2021\/07\/banderazo-sociedad-rural-matrella.jpg?w=800&amp;ssl=1 800w, https:\/\/i0.wp.com\/cdnoticias.com\/wp-content\/uploads\/2021\/07\/banderazo-sociedad-rural-matrella.jpg?resize=300%2C167&amp;ssl=1 300w, https:\/\/i0.wp.com\/cdnoticias.com\/wp-content\/uploads\/2021\/07\/banderazo-sociedad-rural-matrella.jpg?resize=768%2C427&amp;ssl=1 768w\" sizes=\"auto, (max-width: 800px) 100vw, 800px\" \/><\/p>\n<p>&nbsp;<\/p>\n<p>En el apartado de consejeros escolares, la primera precandidata ser\u00e1 la profesora de teatro Romina Cides, secundada por el director de la Escuela de Artes Visuales Fabi\u00e1n Iglesias.<\/p>\n<p>&nbsp;<\/p>\n<blockquote class=\"twitter-tweet\">\n<p dir=\"ltr\" lang=\"es\">Tenemos lxs mejores representantes de un radicalismo unido y cada vez m\u00e1s grande. Felicitaciones <a href=\"https:\/\/twitter.com\/vergel_belen?ref_src=twsrc%5Etfw\">@vergel_belen<\/a> y <a href=\"https:\/\/twitter.com\/sebamatrella?ref_src=twsrc%5Etfw\">@sebamatrella<\/a>, no tengo duda que lideran la mejor propuesta para construir la ciudad que nos merecemos!<\/p>\n<p>\u2014 Francisco Gonzalez (@panchogon1983) <a href=\"https:\/\/twitter.com\/panchogon1983\/status\/1419062521797955584?ref_src=twsrc%5Etfw\">July 24, 2021<\/a><\/p><\/blockquote>\n<p><script async src=\"https:\/\/platform.twitter.com\/widgets.js\" charset=\"utf-8\"><\/script><\/p>\n<p>&nbsp;<\/p>\n<p>La lista fue presentada pasadas las 19 horas y, de esta forma, quedan establecidos los candidatos que se enfrentar\u00e1n en la lista de Juntos en Olavarr\u00eda.<strong> Cabe se\u00f1alar que no se lleg\u00f3 a un acuerdo con el Partido del Di\u00e1logo y si bien intentaron armar una lista propia, la imposibilidad de superar el filtro de Junta Partidaria determin\u00f3 que &#8220;pongan los esfuerzos&#8221; en el 2023.\u00a0<\/strong><\/p>\n<p>&nbsp;<\/p>\n<p>A\u00fan no se confirmaron los precandidatos a senadores provinciales por el espacio representando a la S\u00e9ptima Secci\u00f3n, aunque<a href=\"https:\/\/cdnoticias.com\/index.php\/2021\/07\/24\/alejandro-cellillo-sera-precandidato-a-senador-provincial-por-el-radicalismo\/\" target=\"_blank\" rel=\"noopener\"> se confirm\u00f3 que Alejandro Cellillo encabezar\u00e1 la n\u00f3mina.<\/a><\/p>\n","protected":false},"excerpt":{"rendered":"<p>Enfrentar\u00e1n en la interna a la lista de Bruno Cenizo. Matrella, de la Sociedad Rural, la sorpresa. El monzo\u00edsmo \u201cse<\/p>\n","protected":false},"author":5,"featured_media":27535,"comment_status":"closed","ping_status":"closed","sticky":false,"template":"","format":"standard","meta":{"_jetpack_memberships_contains_paid_content":false,"footnotes":""},"categories":[4,1],"tags":[],"class_list":["post-27533","post","type-post","status-publish","format-standard","has-post-thumbnail","hentry","category-politica","category-portada"],"jetpack_featured_media_url":"https:\/\/i0.wp.com\/cdnoticias.com\/wp-content\/uploads\/2021\/07\/WhatsApp-Image-2021-07-24-at-19.48.16-1.jpeg?fit=1280%2C893&ssl=1","jetpack_sharing_enabled":true,"_links":{"self":[{"href":"https:\/\/cdnoticias.com\/index.php\/wp-json\/wp\/v2\/posts\/27533","targetHints":{"allow":["GET"]}}],"collection":[{"href":"https:\/\/cdnoticias.com\/index.php\/wp-json\/wp\/v2\/posts"}],"about":[{"href":"https:\/\/cdnoticias.com\/index.php\/wp-json\/wp\/v2\/types\/post"}],"author":[{"embeddable":true,"href":"https:\/\/cdnoticias.com\/index.php\/wp-json\/wp\/v2\/users\/5"}],"replies":[{"embeddable":true,"href":"https:\/\/cdnoticias.com\/index.php\/wp-json\/wp\/v2\/comments?post=27533"}],"version-history":[{"count":0,"href":"https:\/\/cdnoticias.com\/index.php\/wp-json\/wp\/v2\/posts\/27533\/revisions"}],"wp:featuredmedia":[{"embeddable":true,"href":"https:\/\/cdnoticias.com\/index.php\/wp-json\/wp\/v2\/media\/27535"}],"wp:attachment":[{"href":"https:\/\/cdnoticias.com\/index.php\/wp-json\/wp\/v2\/media?parent=27533"}],"wp:term":[{"taxonomy":"category","embeddable":true,"href":"https:\/\/cdnoticias.com\/index.php\/wp-json\/wp\/v2\/categories?post=27533"},{"taxonomy":"post_tag","embeddable":true,"href":"https:\/\/cdnoticias.com\/index.php\/wp-json\/wp\/v2\/tags?post=27533"}],"curies":[{"name":"wp","href":"https:\/\/api.w.org\/{rel}","templated":true}]}}