{"id":27526,"date":"2021-07-24T18:10:45","date_gmt":"2021-07-24T21:10:45","guid":{"rendered":"http:\/\/www.centraldenoticias.com.ar\/?p=27526"},"modified":"2021-07-24T18:10:45","modified_gmt":"2021-07-24T21:10:45","slug":"alejandro-cellillo-sera-precandidato-a-senador-provincial-por-el-radicalismo","status":"publish","type":"post","link":"https:\/\/cdnoticias.com\/index.php\/2021\/07\/24\/alejandro-cellillo-sera-precandidato-a-senador-provincial-por-el-radicalismo\/","title":{"rendered":"Alejandro Cellillo ser\u00e1 precandidato a senador provincial por el radicalismo"},"content":{"rendered":"<p>El alvearense encabezar\u00e1 la n\u00f3mina de candidatos que buscar\u00e1 triunfar ante la lista que tiene al olavarriense Diego Robbiani como protagonista.<!--more--><\/p>\n<hr \/>\n<p>Confirmado por fuentes cercanas al actual senador,<strong> el alvearense Alejandro Cellillo encabezar\u00e1 la n\u00f3mina de precandidatos a senadores provinciales por el radicalismo, y enfrentar\u00e1 en la interna de Juntos a <a href=\"https:\/\/cdnoticias.com\/index.php\/2021\/07\/24\/diego-robbiani-encabezara-la-lista-de-candidatos-a-senadores-provinciales-en-juntos\/\" target=\"_blank\" rel=\"noopener\">Diego Robbiani, confirmado por el Pro hace pocas horas.<\/a><\/strong><\/p>\n<p>&nbsp;<\/p>\n<blockquote><p>Si bien las listas de la UCR todav\u00eda se discuten y no se vislumbran nombres propios y ubicaciones, Cellillo fue ratificado en el primer lugar por su rol como ex intendente y, adem\u00e1s, ser el vicepresidente de la C\u00e1mara Alta bonaerense.<\/p><\/blockquote>\n<p>&nbsp;<\/p>\n<p>En lo local, todav\u00eda no hay confirmaciones pero hasta el momento <strong>Bel\u00e9n Vergel encabezar\u00eda la n\u00f3mina, seguido por el ya confirmado Sebasti\u00e1n Matrella y, en tercer lugar, Gabriela D\u00edaz, del sector de Lanceta.<\/strong><\/p>\n<p>&nbsp;<\/p>\n<p><strong>Hasta las 00 horas los frentes pol\u00edticos tendr\u00e1n tiempo para presentar en las Juntas Electorales partidarias<\/strong> las listas con los nombres que participar\u00e1n en las Elecciones Legislativas del pr\u00f3ximo 12 de septiembre.<\/p>\n","protected":false},"excerpt":{"rendered":"<p>El alvearense encabezar\u00e1 la n\u00f3mina de candidatos que buscar\u00e1 triunfar ante la lista que tiene al olavarriense Diego Robbiani como<\/p>\n","protected":false},"author":2,"featured_media":18792,"comment_status":"closed","ping_status":"closed","sticky":false,"template":"","format":"standard","meta":{"_jetpack_memberships_contains_paid_content":false,"footnotes":""},"categories":[4,1],"tags":[],"class_list":["post-27526","post","type-post","status-publish","format-standard","has-post-thumbnail","hentry","category-politica","category-portada"],"jetpack_featured_media_url":"https:\/\/i0.wp.com\/cdnoticias.com\/wp-content\/uploads\/2021\/04\/Cellillo-1.jpeg?fit=1280%2C852&ssl=1","jetpack_sharing_enabled":true,"_links":{"self":[{"href":"https:\/\/cdnoticias.com\/index.php\/wp-json\/wp\/v2\/posts\/27526","targetHints":{"allow":["GET"]}}],"collection":[{"href":"https:\/\/cdnoticias.com\/index.php\/wp-json\/wp\/v2\/posts"}],"about":[{"href":"https:\/\/cdnoticias.com\/index.php\/wp-json\/wp\/v2\/types\/post"}],"author":[{"embeddable":true,"href":"https:\/\/cdnoticias.com\/index.php\/wp-json\/wp\/v2\/users\/2"}],"replies":[{"embeddable":true,"href":"https:\/\/cdnoticias.com\/index.php\/wp-json\/wp\/v2\/comments?post=27526"}],"version-history":[{"count":0,"href":"https:\/\/cdnoticias.com\/index.php\/wp-json\/wp\/v2\/posts\/27526\/revisions"}],"wp:featuredmedia":[{"embeddable":true,"href":"https:\/\/cdnoticias.com\/index.php\/wp-json\/wp\/v2\/media\/18792"}],"wp:attachment":[{"href":"https:\/\/cdnoticias.com\/index.php\/wp-json\/wp\/v2\/media?parent=27526"}],"wp:term":[{"taxonomy":"category","embeddable":true,"href":"https:\/\/cdnoticias.com\/index.php\/wp-json\/wp\/v2\/categories?post=27526"},{"taxonomy":"post_tag","embeddable":true,"href":"https:\/\/cdnoticias.com\/index.php\/wp-json\/wp\/v2\/tags?post=27526"}],"curies":[{"name":"wp","href":"https:\/\/api.w.org\/{rel}","templated":true}]}}