{"id":27523,"date":"2021-07-24T17:41:41","date_gmt":"2021-07-24T20:41:41","guid":{"rendered":"http:\/\/www.centraldenoticias.com.ar\/?p=27523"},"modified":"2021-07-24T17:41:41","modified_gmt":"2021-07-24T20:41:41","slug":"santilli-ocana-los-candidatos-de-juntos-en-la-provincia-de-buenos-aires","status":"publish","type":"post","link":"https:\/\/cdnoticias.com\/index.php\/2021\/07\/24\/santilli-ocana-los-candidatos-de-juntos-en-la-provincia-de-buenos-aires\/","title":{"rendered":"Santilli \u2013 Oca\u00f1a los candidatos de Juntos en la Provincia de Buenos Aires"},"content":{"rendered":"<p>Se conoci\u00f3 la n\u00f3mina de candidatos del Pro para enfrentar, en la interna, a Facundo Manes del radicalismo. Una sorpresa: sobre el final del largo listado, aparece el olavarriense Hilario Galli.\u00a0<!--more--><\/p>\n<hr \/>\n<p><strong>El Pro, dentro del espacio Juntos, dio a conocer la n\u00f3mina de los primeros 10 candidatos a diputados nacionales por la Provincia de Buenos Aires.<\/strong> Encabeza Diego Santilli, que en las PASO enfrentar\u00e1 a Facundo Manes.<\/p>\n<p>&nbsp;<\/p>\n<blockquote><p>En el listado aparecen varios dirigentes como Graciela Oca\u00f1a y ex funcionarios tales como Hern\u00e1n Lombardi y Alejandro Finocchiaro.<\/p><\/blockquote>\n<p>&nbsp;<\/p>\n<p>Hay una sorpresa olavarriense: <strong>si bien aparece al final del largo listado de candidatos, el secretario de Gobierno Hilario Galli firm\u00f3 como precandidato del espacio<\/strong> que, por el momento, dieron a conocer los 10 primeros nombres, que son:<\/p>\n<p>&nbsp;<\/p>\n<p>1- Diego Santilli &#8211; PRO<\/p>\n<p>2- Graciela Oca\u00f1a &#8211; CP<\/p>\n<p>3- Juan L\u00f3pez &#8211; CC<\/p>\n<p>4- Marcela Campagnoli &#8211; CC<\/p>\n<p>5- Gerardo Millman- PRO<\/p>\n<p>6- Mar\u00eda Sotolano &#8211; PRO<\/p>\n<p>7- Hern\u00e1n Lombardi &#8211; PRO<\/p>\n<p>8- Gabriela Besana &#8211; PRO<\/p>\n<p>9- Alejandro Finocchiaro &#8211; PRO<\/p>\n<p>10- Victoria Borrego &#8211; CC<\/p>\n","protected":false},"excerpt":{"rendered":"<p>Se conoci\u00f3 la n\u00f3mina de candidatos del Pro para enfrentar, en la interna, a Facundo Manes del radicalismo. Una sorpresa:<\/p>\n","protected":false},"author":2,"featured_media":27524,"comment_status":"closed","ping_status":"closed","sticky":false,"template":"","format":"standard","meta":{"_jetpack_memberships_contains_paid_content":false,"footnotes":""},"categories":[6],"tags":[],"class_list":["post-27523","post","type-post","status-publish","format-standard","has-post-thumbnail","hentry","category-nacionales"],"jetpack_featured_media_url":"https:\/\/i0.wp.com\/cdnoticias.com\/wp-content\/uploads\/2021\/07\/santilli.jpg?fit=992%2C558&ssl=1","jetpack_sharing_enabled":true,"_links":{"self":[{"href":"https:\/\/cdnoticias.com\/index.php\/wp-json\/wp\/v2\/posts\/27523","targetHints":{"allow":["GET"]}}],"collection":[{"href":"https:\/\/cdnoticias.com\/index.php\/wp-json\/wp\/v2\/posts"}],"about":[{"href":"https:\/\/cdnoticias.com\/index.php\/wp-json\/wp\/v2\/types\/post"}],"author":[{"embeddable":true,"href":"https:\/\/cdnoticias.com\/index.php\/wp-json\/wp\/v2\/users\/2"}],"replies":[{"embeddable":true,"href":"https:\/\/cdnoticias.com\/index.php\/wp-json\/wp\/v2\/comments?post=27523"}],"version-history":[{"count":0,"href":"https:\/\/cdnoticias.com\/index.php\/wp-json\/wp\/v2\/posts\/27523\/revisions"}],"wp:featuredmedia":[{"embeddable":true,"href":"https:\/\/cdnoticias.com\/index.php\/wp-json\/wp\/v2\/media\/27524"}],"wp:attachment":[{"href":"https:\/\/cdnoticias.com\/index.php\/wp-json\/wp\/v2\/media?parent=27523"}],"wp:term":[{"taxonomy":"category","embeddable":true,"href":"https:\/\/cdnoticias.com\/index.php\/wp-json\/wp\/v2\/categories?post=27523"},{"taxonomy":"post_tag","embeddable":true,"href":"https:\/\/cdnoticias.com\/index.php\/wp-json\/wp\/v2\/tags?post=27523"}],"curies":[{"name":"wp","href":"https:\/\/api.w.org\/{rel}","templated":true}]}}