{"id":27477,"date":"2021-07-24T10:56:28","date_gmt":"2021-07-24T13:56:28","guid":{"rendered":"http:\/\/www.centraldenoticias.com.ar\/?p=27477"},"modified":"2021-07-24T13:23:34","modified_gmt":"2021-07-24T16:23:34","slug":"maximiliano-wesner-encabezara-la-lista-de-concejales-del-frente-de-todos-olavarria","status":"publish","type":"post","link":"https:\/\/cdnoticias.com\/index.php\/2021\/07\/24\/maximiliano-wesner-encabezara-la-lista-de-concejales-del-frente-de-todos-olavarria\/","title":{"rendered":"Maximiliano Wesner encabezar\u00e1 la lista de concejales del Frente de Todos Olavarr\u00eda"},"content":{"rendered":"<p>Fue confirmado durante la ma\u00f1ana de este s\u00e1bado por Federico Aguilera. Durante la jornada se conocer\u00e1n los nombres del resto de los precandidatos.<!--more--><\/p>\n<hr \/>\n<p>Federico Aguilera confirm\u00f3 este s\u00e1bado uno de los nombres que se escuchaba fuerte para encabezar la <strong>lista de concejales del Frente de Todos Olavarr\u00eda\u00a0<\/strong>de cara a las pr\u00f3ximas elecciones legislativas.<\/p>\n<p>&nbsp;<\/p>\n<p>Se trata de <strong>Maximiliano Wesner, titular de Anses<\/strong>, que fue definido por el referente del espacio local, como <em>\u201cun gran profesional, que ha demostrado compromiso y capacidad en la gesti\u00f3n\u201d.<\/em><\/p>\n<p>&nbsp;<\/p>\n<blockquote class=\"twitter-tweet\" data-width=\"550\" data-dnt=\"true\">\n<p lang=\"es\" dir=\"ltr\">Tengo la enorme alegr\u00eda de contarles que <a href=\"https:\/\/twitter.com\/MaximilianoWes4?ref_src=twsrc%5Etfw\">@MaximilianoWes4<\/a> es quien<br \/>encabezar\u00e1 la lista de concejales por <a href=\"https:\/\/twitter.com\/TodosOlavarria?ref_src=twsrc%5Etfw\">@TodosOlavarria<\/a>. Un gran profesional, que ha demostrado compromiso y capacidad en la gesti\u00f3n, que viene a aportar nuevas ideas  y proyectos para nuestros vecinos y vecinas. <a href=\"https:\/\/t.co\/eNNy8gZgTA\">pic.twitter.com\/eNNy8gZgTA<\/a><\/p>\n<p>&mdash; Federico Aguilera (@FedericoAguile5) <a href=\"https:\/\/twitter.com\/FedericoAguile5\/status\/1418923491240386574?ref_src=twsrc%5Etfw\">July 24, 2021<\/a><\/p><\/blockquote>\n<p><script async src=\"https:\/\/platform.twitter.com\/widgets.js\" charset=\"utf-8\"><\/script><\/p>\n<p>&nbsp;<\/p>\n<p>Adem\u00e1s de Wesner, por estas horas, se habla de otros precandidatos para integrar la lista local: <strong>Natalia \u00c1lvarez (coordinadora del vacunatorio del Centro Cultural Universitario e integrante del CECO) y representando al massismo, Gast\u00f3n Sarachu, titular de la CNRT en Olavarr\u00eda.<\/strong><\/p>\n<p>&nbsp;<\/p>\n<p>Las posibilidades son muchas. Por ahora, Wesner confirmado. En el transcurso de este s\u00e1bado, se conocer\u00e1n m\u00e1s nombres.<\/p>\n<p>&nbsp;<\/p>\n<p><strong>Seguinos en redes sociales para conocer al instante, las definiciones.<\/strong><\/p>\n","protected":false},"excerpt":{"rendered":"<p>Fue confirmado durante la ma\u00f1ana de este s\u00e1bado por Federico Aguilera. Durante la jornada se conocer\u00e1n los nombres del resto<\/p>\n","protected":false},"author":5,"featured_media":25526,"comment_status":"closed","ping_status":"closed","sticky":false,"template":"","format":"standard","meta":{"_jetpack_memberships_contains_paid_content":false,"footnotes":""},"categories":[4,1],"tags":[],"class_list":["post-27477","post","type-post","status-publish","format-standard","has-post-thumbnail","hentry","category-politica","category-portada"],"jetpack_featured_media_url":"https:\/\/i0.wp.com\/cdnoticias.com\/wp-content\/uploads\/2021\/07\/anses-maxi-wesner-01.jpg?fit=706%2C392&ssl=1","jetpack_sharing_enabled":true,"_links":{"self":[{"href":"https:\/\/cdnoticias.com\/index.php\/wp-json\/wp\/v2\/posts\/27477","targetHints":{"allow":["GET"]}}],"collection":[{"href":"https:\/\/cdnoticias.com\/index.php\/wp-json\/wp\/v2\/posts"}],"about":[{"href":"https:\/\/cdnoticias.com\/index.php\/wp-json\/wp\/v2\/types\/post"}],"author":[{"embeddable":true,"href":"https:\/\/cdnoticias.com\/index.php\/wp-json\/wp\/v2\/users\/5"}],"replies":[{"embeddable":true,"href":"https:\/\/cdnoticias.com\/index.php\/wp-json\/wp\/v2\/comments?post=27477"}],"version-history":[{"count":0,"href":"https:\/\/cdnoticias.com\/index.php\/wp-json\/wp\/v2\/posts\/27477\/revisions"}],"wp:featuredmedia":[{"embeddable":true,"href":"https:\/\/cdnoticias.com\/index.php\/wp-json\/wp\/v2\/media\/25526"}],"wp:attachment":[{"href":"https:\/\/cdnoticias.com\/index.php\/wp-json\/wp\/v2\/media?parent=27477"}],"wp:term":[{"taxonomy":"category","embeddable":true,"href":"https:\/\/cdnoticias.com\/index.php\/wp-json\/wp\/v2\/categories?post=27477"},{"taxonomy":"post_tag","embeddable":true,"href":"https:\/\/cdnoticias.com\/index.php\/wp-json\/wp\/v2\/tags?post=27477"}],"curies":[{"name":"wp","href":"https:\/\/api.w.org\/{rel}","templated":true}]}}