{"id":27474,"date":"2021-07-24T10:10:34","date_gmt":"2021-07-24T13:10:34","guid":{"rendered":"http:\/\/www.centraldenoticias.com.ar\/?p=27474"},"modified":"2021-07-24T10:10:34","modified_gmt":"2021-07-24T13:10:34","slug":"espana-impone-una-cuarentena-obligatoria-para-los-viajeros-de-argentina","status":"publish","type":"post","link":"https:\/\/cdnoticias.com\/index.php\/2021\/07\/24\/espana-impone-una-cuarentena-obligatoria-para-los-viajeros-de-argentina\/","title":{"rendered":"Espa\u00f1a impone una cuarentena obligatoria para los viajeros de Argentina"},"content":{"rendered":"<p>El aislamiento ser\u00e1 de entre siete y diez d\u00edas. En la pen\u00ednsula ib\u00e9rica se vive una nueva ola de coronavirus desde hace varias semanas.<!--more--><\/p>\n<hr \/>\n<p>Espa\u00f1a impondr\u00e1 una cuarentena obligatoria de diez d\u00edas a los viajeros procedentes de la<strong> Argentina, Colombia, Bolivia y Namibia a partir del 27 de julio<\/strong>, anunci\u00f3 el Gobierno en una decisi\u00f3n publicada este s\u00e1bado en el Bolet\u00edn Oficial del Estado (BOE).<\/p>\n<p>&nbsp;<\/p>\n<p>Esta medida para frenar el avance de los casos de coronavirus <strong>podr\u00e1 ser reducida a siete d\u00edas si el viajero presenta un test negativo el s\u00e9ptimo d\u00eda,<\/strong> precis\u00f3 el Ministerio de Salud espa\u00f1ol en un comunicado.<\/p>\n<p>&nbsp;<\/p>\n<blockquote><p>En concreto, la orden comenzar\u00e1 a regir desde el inicio del 27 de julio por un periodo inicial de dos semanas, aunque podr\u00eda ser prorrogada por decisi\u00f3n del propio Ejecutivo.<\/p><\/blockquote>\n<p>&nbsp;<\/p>\n<p><strong>Desplazamientos limitados<\/strong><\/p>\n<p>&nbsp;<\/p>\n<p>Durante el periodo de cuarentena,<strong> los viajeros deber\u00e1n permanecer en su domicilio o alojamiento<\/strong>, debiendo limitar sus desplazamientos a cuestiones esenciales como la compra de alimentos o productos farmac\u00e9uticos, as\u00ed como el contacto con otras personas.<\/p>\n<p>&nbsp;<\/p>\n<p>Las autoridades sanitarias podr\u00e1n contactar adem\u00e1s en cualquier momento a las personas en cuarentena para <strong>realizar su seguimiento y observar que cumplan con el protocolo<\/strong><\/p>\n<p>&nbsp;<\/p>\n<p>Con el objetivo de <strong>frenar la propagaci\u00f3n de nuevas variantes de la Covid-19<\/strong>, Espa\u00f1a continuar\u00e1 exigiendo por otra parte una cuarentena de diez d\u00edas a los viajeros procedentes de India y limitando los vuelos desde Brasil y Sud\u00e1frica para sus ciudadanos.<\/p>\n<p>&nbsp;<\/p>\n<p><strong>Nueva ola<\/strong><\/p>\n<p>&nbsp;<\/p>\n<p>Espa\u00f1a sufre una<strong> nueva ola de casos de coronavirus desde hace varias semanas<\/strong> (677 casos cada 100.000 habitantes durante 14 d\u00edas el viernes) y varias regiones impusieron restricciones.<\/p>\n<p>&nbsp;<\/p>\n<p><strong>Los casos son menos graves que durante las olas anteriores gracias a la campa\u00f1a de vacunaci\u00f3n:<\/strong> 53% de la poblaci\u00f3n est\u00e1 totalmente inmunizada y 64% recibi\u00f3 al menos una dosis, seg\u00fan cifras oficiales.<\/p>\n<p>&nbsp;<\/p>\n<p>Fuente: (DIB)<\/p>\n","protected":false},"excerpt":{"rendered":"<p>El aislamiento ser\u00e1 de entre siete y diez d\u00edas. En la pen\u00ednsula ib\u00e9rica se vive una nueva ola de coronavirus<\/p>\n","protected":false},"author":5,"featured_media":27475,"comment_status":"closed","ping_status":"closed","sticky":false,"template":"","format":"standard","meta":{"_jetpack_memberships_contains_paid_content":false,"footnotes":""},"categories":[6,1],"tags":[],"class_list":["post-27474","post","type-post","status-publish","format-standard","has-post-thumbnail","hentry","category-nacionales","category-portada"],"jetpack_featured_media_url":"https:\/\/i0.wp.com\/cdnoticias.com\/wp-content\/uploads\/2021\/07\/barajas-696x464.jpg?fit=696%2C464&ssl=1","jetpack_sharing_enabled":true,"_links":{"self":[{"href":"https:\/\/cdnoticias.com\/index.php\/wp-json\/wp\/v2\/posts\/27474","targetHints":{"allow":["GET"]}}],"collection":[{"href":"https:\/\/cdnoticias.com\/index.php\/wp-json\/wp\/v2\/posts"}],"about":[{"href":"https:\/\/cdnoticias.com\/index.php\/wp-json\/wp\/v2\/types\/post"}],"author":[{"embeddable":true,"href":"https:\/\/cdnoticias.com\/index.php\/wp-json\/wp\/v2\/users\/5"}],"replies":[{"embeddable":true,"href":"https:\/\/cdnoticias.com\/index.php\/wp-json\/wp\/v2\/comments?post=27474"}],"version-history":[{"count":0,"href":"https:\/\/cdnoticias.com\/index.php\/wp-json\/wp\/v2\/posts\/27474\/revisions"}],"wp:featuredmedia":[{"embeddable":true,"href":"https:\/\/cdnoticias.com\/index.php\/wp-json\/wp\/v2\/media\/27475"}],"wp:attachment":[{"href":"https:\/\/cdnoticias.com\/index.php\/wp-json\/wp\/v2\/media?parent=27474"}],"wp:term":[{"taxonomy":"category","embeddable":true,"href":"https:\/\/cdnoticias.com\/index.php\/wp-json\/wp\/v2\/categories?post=27474"},{"taxonomy":"post_tag","embeddable":true,"href":"https:\/\/cdnoticias.com\/index.php\/wp-json\/wp\/v2\/tags?post=27474"}],"curies":[{"name":"wp","href":"https:\/\/api.w.org\/{rel}","templated":true}]}}