{"id":27421,"date":"2021-07-23T15:55:05","date_gmt":"2021-07-23T18:55:05","guid":{"rendered":"http:\/\/www.centraldenoticias.com.ar\/?p=27421"},"modified":"2021-07-23T15:55:05","modified_gmt":"2021-07-23T18:55:05","slug":"yessica-almeida-liderara-la-lista-del-frente-de-izquierda","status":"publish","type":"post","link":"https:\/\/cdnoticias.com\/index.php\/2021\/07\/23\/yessica-almeida-liderara-la-lista-del-frente-de-izquierda\/","title":{"rendered":"Yessica Almeida liderar\u00e1 la lista del Frente de Izquierda"},"content":{"rendered":"<p>Comienzan a develarse nombres tambi\u00e9n en el espacio que integran el Partido Obrero, el PTS y la Izquierda Socialista.<!--more--><\/p>\n<hr \/>\n<p>Si bien restan a\u00fan algunas horas para que se oficialicen las listas que participar\u00e1n en las PASO, comienzan a develarse algunos nombres y el Frente de Izquierda no es la excepci\u00f3n. Seg\u00fan logr\u00f3 conocer <em><strong>Central de Noticias<\/strong><\/em>,<strong>Yessica Almeida encabezar\u00eda la lista local<\/strong><em>.<\/em><\/p>\n<p>&nbsp;<\/p>\n<p><img data-recalc-dims=\"1\" loading=\"lazy\" decoding=\"async\" class=\"alignnone size-large wp-image-18128\" src=\"https:\/\/i0.wp.com\/cdnoticias.com\/wp-content\/uploads\/2021\/04\/usurpaci%C3%B3n-lourdes-almeida-cdn-1024x768.jpg?resize=800%2C600&#038;ssl=1\" alt=\"\" width=\"800\" height=\"600\" srcset=\"https:\/\/i0.wp.com\/cdnoticias.com\/wp-content\/uploads\/2021\/04\/usurpaci%C3%B3n-lourdes-almeida-cdn.jpg?resize=1024%2C768&amp;ssl=1 1024w, https:\/\/i0.wp.com\/cdnoticias.com\/wp-content\/uploads\/2021\/04\/usurpaci%C3%B3n-lourdes-almeida-cdn.jpg?resize=300%2C225&amp;ssl=1 300w, https:\/\/i0.wp.com\/cdnoticias.com\/wp-content\/uploads\/2021\/04\/usurpaci%C3%B3n-lourdes-almeida-cdn.jpg?resize=768%2C576&amp;ssl=1 768w, https:\/\/i0.wp.com\/cdnoticias.com\/wp-content\/uploads\/2021\/04\/usurpaci%C3%B3n-lourdes-almeida-cdn.jpg?w=1280&amp;ssl=1 1280w\" sizes=\"auto, (max-width: 800px) 100vw, 800px\" \/><\/p>\n<p>&nbsp;<\/p>\n<p>En ese sentido trascendi\u00f3 que en la boleta aparecer\u00edan tambi\u00e9n los nombres de otros referentes del espacio que integran el Partido Obrero, PTS y la Izquierda Socialista, como lo son <strong>Carlos Gil y Ant\u00ed Cort\u00e9s, quienes supieron encabezar las listas del bloque en elecciones recientes.<\/strong><\/p>\n<p>&nbsp;<\/p>\n<p><img data-recalc-dims=\"1\" loading=\"lazy\" decoding=\"async\" class=\"alignnone size-full wp-image-19994\" src=\"https:\/\/i0.wp.com\/cdnoticias.com\/wp-content\/uploads\/2021\/04\/poloobrerosalario02.jpg?resize=800%2C445&#038;ssl=1\" alt=\"\" width=\"800\" height=\"445\" srcset=\"https:\/\/i0.wp.com\/cdnoticias.com\/wp-content\/uploads\/2021\/04\/poloobrerosalario02.jpg?w=800&amp;ssl=1 800w, https:\/\/i0.wp.com\/cdnoticias.com\/wp-content\/uploads\/2021\/04\/poloobrerosalario02.jpg?resize=300%2C167&amp;ssl=1 300w, https:\/\/i0.wp.com\/cdnoticias.com\/wp-content\/uploads\/2021\/04\/poloobrerosalario02.jpg?resize=768%2C427&amp;ssl=1 768w\" sizes=\"auto, (max-width: 800px) 100vw, 800px\" \/><\/p>\n<p>&nbsp;<\/p>\n<p>Inclusive, Olavarr\u00eda tambi\u00e9n <strong>tendr\u00e1 representaci\u00f3n seccional con Agust\u00edn Mestralet<\/strong>, quien aparecer\u00eda en el segundo lugar de la lista para el Senado bonaerense. Esa misma boleta llevar\u00e1 como precandidatos a Nicol\u00e1s del Ca\u00f1o, Romina Del Pl\u00e1 y N\u00e9stor Pitrola en provincia de Buenos Aires.<\/p>\n","protected":false},"excerpt":{"rendered":"<p>Comienzan a develarse nombres tambi\u00e9n en el espacio que integran el Partido Obrero, el PTS y la Izquierda Socialista.<\/p>\n","protected":false},"author":3,"featured_media":6896,"comment_status":"closed","ping_status":"closed","sticky":false,"template":"","format":"standard","meta":{"_jetpack_memberships_contains_paid_content":false,"footnotes":""},"categories":[4,1],"tags":[],"class_list":["post-27421","post","type-post","status-publish","format-standard","has-post-thumbnail","hentry","category-politica","category-portada"],"jetpack_featured_media_url":"https:\/\/i0.wp.com\/cdnoticias.com\/wp-content\/uploads\/2020\/11\/yessicaalmeida.jpg?fit=4608%2C3072&ssl=1","jetpack_sharing_enabled":true,"_links":{"self":[{"href":"https:\/\/cdnoticias.com\/index.php\/wp-json\/wp\/v2\/posts\/27421","targetHints":{"allow":["GET"]}}],"collection":[{"href":"https:\/\/cdnoticias.com\/index.php\/wp-json\/wp\/v2\/posts"}],"about":[{"href":"https:\/\/cdnoticias.com\/index.php\/wp-json\/wp\/v2\/types\/post"}],"author":[{"embeddable":true,"href":"https:\/\/cdnoticias.com\/index.php\/wp-json\/wp\/v2\/users\/3"}],"replies":[{"embeddable":true,"href":"https:\/\/cdnoticias.com\/index.php\/wp-json\/wp\/v2\/comments?post=27421"}],"version-history":[{"count":0,"href":"https:\/\/cdnoticias.com\/index.php\/wp-json\/wp\/v2\/posts\/27421\/revisions"}],"wp:featuredmedia":[{"embeddable":true,"href":"https:\/\/cdnoticias.com\/index.php\/wp-json\/wp\/v2\/media\/6896"}],"wp:attachment":[{"href":"https:\/\/cdnoticias.com\/index.php\/wp-json\/wp\/v2\/media?parent=27421"}],"wp:term":[{"taxonomy":"category","embeddable":true,"href":"https:\/\/cdnoticias.com\/index.php\/wp-json\/wp\/v2\/categories?post=27421"},{"taxonomy":"post_tag","embeddable":true,"href":"https:\/\/cdnoticias.com\/index.php\/wp-json\/wp\/v2\/tags?post=27421"}],"curies":[{"name":"wp","href":"https:\/\/api.w.org\/{rel}","templated":true}]}}