{"id":27408,"date":"2021-07-23T12:59:42","date_gmt":"2021-07-23T15:59:42","guid":{"rendered":"http:\/\/www.centraldenoticias.com.ar\/?p=27408"},"modified":"2021-07-23T12:59:42","modified_gmt":"2021-07-23T15:59:42","slug":"cenizo-agradecio-la-confianza-y-el-apoyo-por-su-lugar-en-la-lista-de-juntos","status":"publish","type":"post","link":"https:\/\/cdnoticias.com\/index.php\/2021\/07\/23\/cenizo-agradecio-la-confianza-y-el-apoyo-por-su-lugar-en-la-lista-de-juntos\/","title":{"rendered":"Cenizo agradeci\u00f3 \u201cla confianza y el apoyo\u201d por su lugar en la lista de Juntos"},"content":{"rendered":"<p>El actual concejal agradeci\u00f3 \u201cla confianza y el apoyo\u201d por su lugar en la lista de Juntos tras confirmarse que encabezar\u00e1. Lo seguir\u00e1 Mar\u00eda Jos\u00e9 Gonz\u00e1lez.<!--more--><\/p>\n<hr \/>\n<p><strong>Cenizo agradeci\u00f3 \u201cla confianza y el apoyo\u201d por su lugar en la lista de Juntos<\/strong>: <a href=\"https:\/\/cdnoticias.com\/index.php\/2021\/07\/23\/para-mi-es-un-orgullo-y-un-honor-que-bruno-que-vuelva-a-ser-candidato\/\" target=\"_blank\" rel=\"noopener\">el intendente Ezequiel Galli confirm\u00f3 que ser\u00e1 el primero<\/a>.<\/p>\n<p>&nbsp;<\/p>\n<blockquote><p>El actual concejal agradeci\u00f3 \u201cla confianza y el apoyo\u201d a trav\u00e9s de una publicaci\u00f3n en sus redes sociales.<\/p><\/blockquote>\n<p>&nbsp;<\/p>\n<p>El ya precandidato a la reelecci\u00f3n <strong>se mostr\u00f3 en una imagen mientras firmaba la documentaci\u00f3n oficial de la postulaci\u00f3n<\/strong>, que ser\u00e1 entregada a la Junta Electoral partidaria.<\/p>\n<p>&nbsp;<\/p>\n<blockquote class=\"twitter-tweet\">\n<p dir=\"ltr\" lang=\"es\">Una vez m\u00e1s agradezco la confianza y el apoyo que me brindan el intendente <a href=\"https:\/\/twitter.com\/ezequielgalli?ref_src=twsrc%5Etfw\">@ezequielgalli<\/a> y su equipo para encabezar la lista de concejales del espacio JUNTOS en las pr\u00f3ximas elecciones. <a href=\"https:\/\/t.co\/foBTDS3Vqu\">pic.twitter.com\/foBTDS3Vqu<\/a><\/p>\n<p>\u2014 Bruno Cenizo (@BrunoCenizo) <a href=\"https:\/\/twitter.com\/BrunoCenizo\/status\/1418584933065449474?ref_src=twsrc%5Etfw\">July 23, 2021<\/a><\/p><\/blockquote>\n<p><script async src=\"https:\/\/platform.twitter.com\/widgets.js\" charset=\"utf-8\"><\/script><\/p>\n<p>\u201cUna vez m\u00e1s<strong> agradezco la confianza y el apoyo que me brindan el intendente Ezequiel Galli y su equipo<\/strong> para encabezar la lista de concejales del espacio Juntos en las pr\u00f3ximas elecciones\u201d expres\u00f3 el ya precandidato.<\/p>\n<p>&nbsp;<\/p>\n<p>En tanto, <strong>tambi\u00e9n se confirm\u00f3 que Mar\u00eda Jos\u00e9 Gonz\u00e1lez ser\u00e1 la segunda en la misma lista<\/strong>: tambi\u00e9n ir\u00e1 por la reelecci\u00f3n en el oficialismo local.<\/p>\n<p>&nbsp;<\/p>\n<p>La lista que llevar\u00e1 a Cenizo en el primer lugar <strong>competir\u00e1 en internas con la de la UCR y el monzo\u00edsmo<\/strong>, cuyos principales precandidatos a\u00fan no se confirmaron.<\/p>\n","protected":false},"excerpt":{"rendered":"<p>El actual concejal agradeci\u00f3 \u201cla confianza y el apoyo\u201d por su lugar en la lista de Juntos tras confirmarse que<\/p>\n","protected":false},"author":4,"featured_media":27409,"comment_status":"closed","ping_status":"closed","sticky":false,"template":"","format":"standard","meta":{"_jetpack_memberships_contains_paid_content":false,"footnotes":""},"categories":[4,1],"tags":[],"class_list":["post-27408","post","type-post","status-publish","format-standard","has-post-thumbnail","hentry","category-politica","category-portada"],"jetpack_featured_media_url":"https:\/\/i0.wp.com\/cdnoticias.com\/wp-content\/uploads\/2021\/07\/cenizo-galli.jpg?fit=1097%2C610&ssl=1","jetpack_sharing_enabled":true,"_links":{"self":[{"href":"https:\/\/cdnoticias.com\/index.php\/wp-json\/wp\/v2\/posts\/27408","targetHints":{"allow":["GET"]}}],"collection":[{"href":"https:\/\/cdnoticias.com\/index.php\/wp-json\/wp\/v2\/posts"}],"about":[{"href":"https:\/\/cdnoticias.com\/index.php\/wp-json\/wp\/v2\/types\/post"}],"author":[{"embeddable":true,"href":"https:\/\/cdnoticias.com\/index.php\/wp-json\/wp\/v2\/users\/4"}],"replies":[{"embeddable":true,"href":"https:\/\/cdnoticias.com\/index.php\/wp-json\/wp\/v2\/comments?post=27408"}],"version-history":[{"count":0,"href":"https:\/\/cdnoticias.com\/index.php\/wp-json\/wp\/v2\/posts\/27408\/revisions"}],"wp:featuredmedia":[{"embeddable":true,"href":"https:\/\/cdnoticias.com\/index.php\/wp-json\/wp\/v2\/media\/27409"}],"wp:attachment":[{"href":"https:\/\/cdnoticias.com\/index.php\/wp-json\/wp\/v2\/media?parent=27408"}],"wp:term":[{"taxonomy":"category","embeddable":true,"href":"https:\/\/cdnoticias.com\/index.php\/wp-json\/wp\/v2\/categories?post=27408"},{"taxonomy":"post_tag","embeddable":true,"href":"https:\/\/cdnoticias.com\/index.php\/wp-json\/wp\/v2\/tags?post=27408"}],"curies":[{"name":"wp","href":"https:\/\/api.w.org\/{rel}","templated":true}]}}