{"id":27384,"date":"2021-07-23T09:12:15","date_gmt":"2021-07-23T12:12:15","guid":{"rendered":"http:\/\/www.centraldenoticias.com.ar\/?p=27384"},"modified":"2021-07-23T09:12:15","modified_gmt":"2021-07-23T12:12:15","slug":"carolina-piparo-dejo-al-pro-y-se-postulo-a-diputada-con-espert","status":"publish","type":"post","link":"https:\/\/cdnoticias.com\/index.php\/2021\/07\/23\/carolina-piparo-dejo-al-pro-y-se-postulo-a-diputada-con-espert\/","title":{"rendered":"Carolina P\u00edparo dej\u00f3 al Pro y se postul\u00f3 a diputada con Espert"},"content":{"rendered":"<p>La diputada provincial, nacida en Loma Negra, no encontraba espacio en Juntos para renovar su banca en la Legislatura. Renunci\u00f3 al Gabinete de Julio Garro, el intendente de La Plata.<!--more--><\/p>\n<hr \/>\n<p><strong>La diputada de PRO Carolina P\u00edparo renunci\u00f3 este jueves en forma sorpresiva a su puesto<\/strong> en el gabinete del intendente de La Plata, Julio Garro, y <strong>se sum\u00f3 como candidata a diputada nacional por la provincia al espacio del economista Jos\u00e9 Luis Espert<\/strong>.<\/p>\n<p>&nbsp;<\/p>\n<blockquote><p>\u201cLes quiero contar que voy a ser precandidata a diputada nacional por la provincia de Buenos Aires, acompa\u00f1ando a Jos\u00e9 Luis Espert en la f\u00f3rmula\u201d, tuite\u00f3 P\u00edparo, junto a una foto donde se la puede ver sentada en el pasto con Espert. La diputada buscaba renovar su banca en la legislatura bonaerense en Juntos por el Cambio, que vence el diciembre, pero no encontraba lugares en la lista de la octava secci\u00f3n de esa fuerza<\/p><\/blockquote>\n<p>&nbsp;<\/p>\n<p><strong>Hace pocos d\u00edas, Espert confirm\u00f3 que se presentar\u00eda en las PASO con su propia alianza<\/strong>, integrada por ocho partidos liberales y de centroderecha, llamada <strong>Avanza Libertad<\/strong>, luego de que fracasaran las negociaciones con los dirigentes de Juntos por el Cambio.<\/p>\n<p>&nbsp;<\/p>\n<p>P\u00edparo, nativa de la localidad de Loma Negra, en el distrito de Olavarr\u00eda, entr\u00f3 a la pol\u00edtica de la mano de Pro. <strong>En 2017 accedi\u00f3 a una banca en la Legislatura bonaerense<\/strong>, tras lo cual acept\u00f3 ser secretaria de Asistencia a la V\u00edctima y Pol\u00edticas de G\u00e9nero en la municipalidad de La Plata. Pero en la ma\u00f1ana del jueves renunci\u00f3 al gabinete del intendente macrista Julio Garro.<\/p>\n<p>&nbsp;<\/p>\n<blockquote class=\"twitter-tweet\">\n<p dir=\"ltr\" lang=\"es\">Les quiero contar que voy a ser precandidata a diputada nacional por la provincia de Buenos Aires, acompa\u00f1ando a Jos\u00e9 Luis Espert en la f\u00f3rmula. <a href=\"https:\/\/t.co\/3sp681WUxe\">pic.twitter.com\/3sp681WUxe<\/a><\/p>\n<p>\u2014 Carolina Piparo (@CarolinaPiparo) <a href=\"https:\/\/twitter.com\/CarolinaPiparo\/status\/1418344487781294088?ref_src=twsrc%5Etfw\">July 22, 2021<\/a><\/p><\/blockquote>\n<p><script async src=\"https:\/\/platform.twitter.com\/widgets.js\" charset=\"utf-8\"><\/script><\/p>\n<p>\u201cMe asustan la imposici\u00f3n, la resignaci\u00f3n y la falta de voces distintas representando a los bonaerenses, pero nunca me asustaron los desaf\u00edos. <strong>Di batallas y acompa\u00f1\u00e9 aquellas que sent\u00ed justas<\/strong>, porque las batallas nunca son f\u00e1ciles, pero siento que siempre vale la pena darlas\u201d, escribi\u00f3 P\u00edparo.<\/p>\n<p>&nbsp;<\/p>\n<blockquote><p>\u201cJos\u00e9 Luis propuso una gran PASO de toda la oposici\u00f3n y eso no prosper\u00f3. No acuerdo con la idea de que un pu\u00f1ado de dirigentes sean los que determinen qui\u00e9n est\u00e1 en la lista y qui\u00e9n no\u201d, dijo la exfuncionaria en el hilo de Twitter que public\u00f3.<\/p><\/blockquote>\n<p>&nbsp;<\/p>\n<p>De esta forma, <strong>se diferenci\u00f3 de su antiguo espacio donde Horacio Rodr\u00edguez Larreta luch\u00f3 por imponer a Diego Santilli<\/strong> como el candidato bonaerense, sin internas. Tras acordar con Jorge Macri, Santilli ahora solo deber\u00e1 enfrentarse con el radical Facundo Manes.<\/p>\n<p>&nbsp;<\/p>\n<p>Fuente:<em> Agencia DIB<\/em><\/p>\n","protected":false},"excerpt":{"rendered":"<p>La diputada provincial, nacida en Loma Negra, no encontraba espacio en Juntos para renovar su banca en la Legislatura. Renunci\u00f3<\/p>\n","protected":false},"author":4,"featured_media":27386,"comment_status":"closed","ping_status":"closed","sticky":false,"template":"","format":"standard","meta":{"_jetpack_memberships_contains_paid_content":false,"footnotes":""},"categories":[4,1],"tags":[],"class_list":["post-27384","post","type-post","status-publish","format-standard","has-post-thumbnail","hentry","category-politica","category-portada"],"jetpack_featured_media_url":"https:\/\/i0.wp.com\/cdnoticias.com\/wp-content\/uploads\/2021\/07\/Piparo.jpg?fit=1104%2C622&ssl=1","jetpack_sharing_enabled":true,"_links":{"self":[{"href":"https:\/\/cdnoticias.com\/index.php\/wp-json\/wp\/v2\/posts\/27384","targetHints":{"allow":["GET"]}}],"collection":[{"href":"https:\/\/cdnoticias.com\/index.php\/wp-json\/wp\/v2\/posts"}],"about":[{"href":"https:\/\/cdnoticias.com\/index.php\/wp-json\/wp\/v2\/types\/post"}],"author":[{"embeddable":true,"href":"https:\/\/cdnoticias.com\/index.php\/wp-json\/wp\/v2\/users\/4"}],"replies":[{"embeddable":true,"href":"https:\/\/cdnoticias.com\/index.php\/wp-json\/wp\/v2\/comments?post=27384"}],"version-history":[{"count":0,"href":"https:\/\/cdnoticias.com\/index.php\/wp-json\/wp\/v2\/posts\/27384\/revisions"}],"wp:featuredmedia":[{"embeddable":true,"href":"https:\/\/cdnoticias.com\/index.php\/wp-json\/wp\/v2\/media\/27386"}],"wp:attachment":[{"href":"https:\/\/cdnoticias.com\/index.php\/wp-json\/wp\/v2\/media?parent=27384"}],"wp:term":[{"taxonomy":"category","embeddable":true,"href":"https:\/\/cdnoticias.com\/index.php\/wp-json\/wp\/v2\/categories?post=27384"},{"taxonomy":"post_tag","embeddable":true,"href":"https:\/\/cdnoticias.com\/index.php\/wp-json\/wp\/v2\/tags?post=27384"}],"curies":[{"name":"wp","href":"https:\/\/api.w.org\/{rel}","templated":true}]}}