{"id":27374,"date":"2021-07-22T20:10:34","date_gmt":"2021-07-22T23:10:34","guid":{"rendered":"http:\/\/www.centraldenoticias.com.ar\/?p=27374"},"modified":"2021-07-23T07:43:34","modified_gmt":"2021-07-23T10:43:34","slug":"avanza-el-plan-de-vacunacion-se-aplicaron-628-dosis","status":"publish","type":"post","link":"https:\/\/cdnoticias.com\/index.php\/2021\/07\/22\/avanza-el-plan-de-vacunacion-se-aplicaron-628-dosis\/","title":{"rendered":"Avanza el Plan de Vacunaci\u00f3n: Se aplicaron 628 dosis"},"content":{"rendered":"<p>Una tercera parte corresponde a personas que concluyeron con su esquema de vacunaci\u00f3n. Adem\u00e1s, continua el abordaje territorial puerta a puerta.<!--more--><\/p>\n<hr \/>\n<p>El Plan Provincial de Vacunaci\u00f3n continua a paso firme en la ciudad y tal es as\u00ed que este jueves <strong>se aplicaron m\u00e1s de 600 dosis, con el dato no menor que alrededor de una tercera parte de esa cantidad corresponde a personas que culminaron con el esquema de vacunaci\u00f3n al recibir la segunda dosis.<\/strong><\/p>\n<p>&nbsp;<\/p>\n<p><img data-recalc-dims=\"1\" loading=\"lazy\" decoding=\"async\" class=\"alignnone size-large wp-image-25804\" src=\"https:\/\/i0.wp.com\/cdnoticias.com\/wp-content\/uploads\/2021\/07\/vacunacion-17.jpg?resize=800%2C445&#038;ssl=1\" alt=\"\" width=\"800\" height=\"445\" srcset=\"https:\/\/i0.wp.com\/cdnoticias.com\/wp-content\/uploads\/2021\/07\/vacunacion-17.jpg?resize=1024%2C570&amp;ssl=1 1024w, https:\/\/i0.wp.com\/cdnoticias.com\/wp-content\/uploads\/2021\/07\/vacunacion-17.jpg?resize=300%2C167&amp;ssl=1 300w, https:\/\/i0.wp.com\/cdnoticias.com\/wp-content\/uploads\/2021\/07\/vacunacion-17.jpg?resize=768%2C427&amp;ssl=1 768w, https:\/\/i0.wp.com\/cdnoticias.com\/wp-content\/uploads\/2021\/07\/vacunacion-17.jpg?resize=800%2C445&amp;ssl=1 800w, https:\/\/i0.wp.com\/cdnoticias.com\/wp-content\/uploads\/2021\/07\/vacunacion-17.jpg?w=1600&amp;ssl=1 1600w, https:\/\/i0.wp.com\/cdnoticias.com\/wp-content\/uploads\/2021\/07\/vacunacion-17.jpg?w=2400&amp;ssl=1 2400w\" sizes=\"auto, (max-width: 800px) 100vw, 800px\" \/><\/p>\n<p>&nbsp;<\/p>\n<p>De acuerdo con lo que se detall\u00f3 desde Regi\u00f3n Sanitaria IX, el Servicio Territorial N\u00b02 aplic\u00f3 122 dosis (102 primer componente, 20 segundo componente), el Centro Cultural Universitario 86 (primer componente), la Facultad de Ciencias de la Salud 150 (146 primer componente, 4 segundo componente) y la Mutual Carlos Alberto Moreno de Suteba 270 (38 primer componente,232 segundo componente). <strong>En total se aplicaron 628 dosis.<\/strong><\/p>\n<p>&nbsp;<\/p>\n<p>Por otra parte, se agreg\u00f3 que este viernes continuar\u00e1 el abordaje territorial puerta a puerta, buscando a vecinos y vecinas que a\u00fan no se hayan vacunado.<strong> En esta ocasi\u00f3n, estar\u00e1n en los barrios Facundo Quiroga, Alberdi y Sarmiento.<\/strong><\/p>\n<p>&nbsp;<\/p>\n<p><img data-recalc-dims=\"1\" loading=\"lazy\" decoding=\"async\" class=\"alignnone size-large wp-image-27377\" src=\"https:\/\/i0.wp.com\/cdnoticias.com\/wp-content\/uploads\/2021\/07\/WhatsApp-Image-2021-07-22-at-20.06.00.jpeg?resize=800%2C472&#038;ssl=1\" alt=\"\" width=\"800\" height=\"472\" srcset=\"https:\/\/i0.wp.com\/cdnoticias.com\/wp-content\/uploads\/2021\/07\/WhatsApp-Image-2021-07-22-at-20.06.00.jpeg?resize=1024%2C604&amp;ssl=1 1024w, https:\/\/i0.wp.com\/cdnoticias.com\/wp-content\/uploads\/2021\/07\/WhatsApp-Image-2021-07-22-at-20.06.00.jpeg?resize=300%2C177&amp;ssl=1 300w, https:\/\/i0.wp.com\/cdnoticias.com\/wp-content\/uploads\/2021\/07\/WhatsApp-Image-2021-07-22-at-20.06.00.jpeg?resize=768%2C453&amp;ssl=1 768w, https:\/\/i0.wp.com\/cdnoticias.com\/wp-content\/uploads\/2021\/07\/WhatsApp-Image-2021-07-22-at-20.06.00.jpeg?w=1280&amp;ssl=1 1280w\" sizes=\"auto, (max-width: 800px) 100vw, 800px\" \/><\/p>\n<p>&nbsp;<\/p>\n<p>Vale recordar que Olavarr\u00eda ya es \u201cCiudad protegida\u201d y<strong> est\u00e1 vacunando de manera espont\u00e1nea a todos los mayores de 18 a\u00f1os,\u00a0 quienes puede asistir con dni y domicilio en el partido de Olavarr\u00eda y ser\u00e1n vacunados<\/strong>. Cabe destacar que la aplicaci\u00f3n de segundas dosis sigue siendo por turno por lo que se le pide a la poblaci\u00f3n que est\u00e9n atentos a las notificaciones con el d\u00eda y la hora correspondiente.<\/p>\n<p>&nbsp;<\/p>\n<p>Por \u00faltimo, pero no menos importante, <strong>ya se abri\u00f3 la inscripci\u00f3n para menores de 13 a 17 a\u00f1os<\/strong>, tal como lo anunci\u00f3 el gobernador Axel Kicillof en conferencia de prensa. Los interesados deber\u00e1n ingresar a la<a href=\"https:\/\/vacunatepba.gba.gob.ar\/.\" target=\"_blank\" rel=\"noopener\"> pagina del Programa Vacunate.<\/a><\/p>\n","protected":false},"excerpt":{"rendered":"<p>Una tercera parte corresponde a personas que concluyeron con su esquema de vacunaci\u00f3n. Adem\u00e1s, continua el abordaje territorial puerta a<\/p>\n","protected":false},"author":3,"featured_media":27376,"comment_status":"closed","ping_status":"closed","sticky":false,"template":"","format":"standard","meta":{"_jetpack_memberships_contains_paid_content":false,"footnotes":""},"categories":[16,1],"tags":[],"class_list":["post-27374","post","type-post","status-publish","format-standard","has-post-thumbnail","hentry","category-covid-19","category-portada"],"jetpack_featured_media_url":"https:\/\/i0.wp.com\/cdnoticias.com\/wp-content\/uploads\/2021\/07\/WhatsApp-Image-2021-07-22-at-20.06.00-1.jpeg?fit=1280%2C803&ssl=1","jetpack_sharing_enabled":true,"_links":{"self":[{"href":"https:\/\/cdnoticias.com\/index.php\/wp-json\/wp\/v2\/posts\/27374","targetHints":{"allow":["GET"]}}],"collection":[{"href":"https:\/\/cdnoticias.com\/index.php\/wp-json\/wp\/v2\/posts"}],"about":[{"href":"https:\/\/cdnoticias.com\/index.php\/wp-json\/wp\/v2\/types\/post"}],"author":[{"embeddable":true,"href":"https:\/\/cdnoticias.com\/index.php\/wp-json\/wp\/v2\/users\/3"}],"replies":[{"embeddable":true,"href":"https:\/\/cdnoticias.com\/index.php\/wp-json\/wp\/v2\/comments?post=27374"}],"version-history":[{"count":0,"href":"https:\/\/cdnoticias.com\/index.php\/wp-json\/wp\/v2\/posts\/27374\/revisions"}],"wp:featuredmedia":[{"embeddable":true,"href":"https:\/\/cdnoticias.com\/index.php\/wp-json\/wp\/v2\/media\/27376"}],"wp:attachment":[{"href":"https:\/\/cdnoticias.com\/index.php\/wp-json\/wp\/v2\/media?parent=27374"}],"wp:term":[{"taxonomy":"category","embeddable":true,"href":"https:\/\/cdnoticias.com\/index.php\/wp-json\/wp\/v2\/categories?post=27374"},{"taxonomy":"post_tag","embeddable":true,"href":"https:\/\/cdnoticias.com\/index.php\/wp-json\/wp\/v2\/tags?post=27374"}],"curies":[{"name":"wp","href":"https:\/\/api.w.org\/{rel}","templated":true}]}}