{"id":27361,"date":"2021-07-22T18:39:54","date_gmt":"2021-07-22T21:39:54","guid":{"rendered":"http:\/\/www.centraldenoticias.com.ar\/?p=27361"},"modified":"2021-07-22T20:10:57","modified_gmt":"2021-07-22T23:10:57","slug":"asi-quiero-recordar-la-despedida-de-ignacio-montoya-carlotto-a-palo-pandolfo","status":"publish","type":"post","link":"https:\/\/cdnoticias.com\/index.php\/2021\/07\/22\/asi-quiero-recordar-la-despedida-de-ignacio-montoya-carlotto-a-palo-pandolfo\/","title":{"rendered":"\u201cAs\u00ed quiero recordar\u201d: la despedida de Ignacio Montoya Carlotto a Palo Pandolfo"},"content":{"rendered":"<p>El cantautor falleci\u00f3 este jueves a los 56 a\u00f1os. Fue encontrado sin vida en la v\u00eda p\u00fablica. Ignacio Montoya Carlotto, lo record\u00f3 en redes sociales. El olavarriense comparti\u00f3 numerosos escenarios y momentos importantes de su vida.<!--more--><\/p>\n<hr \/>\n<p>Este jueves <strong>falleci\u00f3 Roberto Palo Pandolfo (56)<\/strong>, uno de los cantautores m\u00e1s destacados de la m\u00fasica argentina en las \u00faltimas tres d\u00e9cadas. Seg\u00fan trascendi\u00f3, el m\u00fasico fue encontrado en la v\u00eda p\u00fablica en la Ciudad de Buenos Aires. A\u00fan no trascendieron mayores detalles del hecho.<\/p>\n<p>&nbsp;<\/p>\n<p>&nbsp;<\/p>\n<p>Comprometido con la lucha por los derechos humanos, <strong>Pandolfo toc\u00f3 en numerosas oportunidades con Ignacio Montoya Carlotto.<\/strong><\/p>\n<p>&nbsp;<\/p>\n<p>Juntos, se subieron a distintos escenario y participaron en proyectos como la grabaci\u00f3n de \u201cTe recuerdo Amanda\u201d, en el marco de <strong>\u201cCanciones Prohibidas\u201d<\/strong>, una iniciativa que reuni\u00f3 a 25 artistas que interpretaron 16 temas prohibidos por la dictadura argentina.<\/p>\n<p>&nbsp;<\/p>\n<p>&nbsp;<\/p>\n<p>Precisamente, este fue uno de los temas elegidos por Ignacio para despedir a Pandolfo.<\/p>\n<p>&nbsp;<\/p>\n<blockquote class=\"twitter-tweet\" data-width=\"550\" data-dnt=\"true\">\n<p lang=\"es\" dir=\"ltr\">As\u00ed quiero recordar! <a href=\"https:\/\/t.co\/wvOMypAzjL\">https:\/\/t.co\/wvOMypAzjL<\/a><\/p>\n<p>&mdash; Ignacio Montoya Carlotto (@montoyacarlotto) <a href=\"https:\/\/twitter.com\/montoyacarlotto\/status\/1418321584696270851?ref_src=twsrc%5Etfw\">July 22, 2021<\/a><\/p><\/blockquote>\n<p><script async src=\"https:\/\/platform.twitter.com\/widgets.js\" charset=\"utf-8\"><\/script><\/p>\n<p>&nbsp;<\/p>\n<p>Incluso, se present\u00f3 en nuestra ciudad en el marco de la conmemoraci\u00f3n del D\u00eda de la Memoria, en el a\u00f1o que se produjo la restituci\u00f3n de la identidad de Ignacio. \u201c<em>Yo el 24 voy a estar ac\u00e1, en Olavarr\u00eda, moviliz\u00e1ndome con mi gente, voy a estar haciendo lo mismo que hice siempre y eso para algunos quiz\u00e1s sea dif\u00edcil de entender&#8221;<\/em>, hab\u00eda dicho en esa oportunidad Montoya Carlotto.<\/p>\n<p>&nbsp;<\/p>\n<p>Entre tantas presentaciones, se destaca la participaci\u00f3n de ambos en la <strong>Fiesta de la Democracia<\/strong>, un evento masivo que se realiz\u00f3 para celebrar 31 a\u00f1os de democracia sin interrupciones. All\u00ed, se destacaron en un escenario improvisado en el Sal\u00f3n de las Mujeres de la Casa Rosada, luego de que la lluvia impidiera el concierto al aire libre en la Plaza de Mayo.<\/p>\n<p>&nbsp;<\/p>\n<div class=\"jetpack-video-wrapper\"><iframe loading=\"lazy\" width=\"800\" height=\"450\" src=\"https:\/\/www.youtube.com\/embed\/jF7BcEibhf8?feature=oembed\" frameborder=\"0\" allow=\"accelerometer; autoplay; clipboard-write; encrypted-media; gyroscope; picture-in-picture\" allowfullscreen><\/iframe><\/div>\n<p>&nbsp;<\/p>\n<p>Sin dudas, un verdadero dolor recorri\u00f3 la memoria de muchos argentinos. <strong>Su m\u00fasica y su recuerdo, invadieron las redes.<\/strong><\/p>\n","protected":false},"excerpt":{"rendered":"<p>El cantautor falleci\u00f3 este jueves a los 56 a\u00f1os. Fue encontrado sin vida en la v\u00eda p\u00fablica. Ignacio Montoya Carlotto,<\/p>\n","protected":false},"author":5,"featured_media":27360,"comment_status":"closed","ping_status":"closed","sticky":false,"template":"","format":"standard","meta":{"_jetpack_memberships_contains_paid_content":false,"footnotes":""},"categories":[9,1],"tags":[],"class_list":["post-27361","post","type-post","status-publish","format-standard","has-post-thumbnail","hentry","category-cultura","category-portada"],"jetpack_featured_media_url":"https:\/\/i0.wp.com\/cdnoticias.com\/wp-content\/uploads\/2021\/07\/palo.jpg?fit=800%2C445&ssl=1","jetpack_sharing_enabled":true,"_links":{"self":[{"href":"https:\/\/cdnoticias.com\/index.php\/wp-json\/wp\/v2\/posts\/27361","targetHints":{"allow":["GET"]}}],"collection":[{"href":"https:\/\/cdnoticias.com\/index.php\/wp-json\/wp\/v2\/posts"}],"about":[{"href":"https:\/\/cdnoticias.com\/index.php\/wp-json\/wp\/v2\/types\/post"}],"author":[{"embeddable":true,"href":"https:\/\/cdnoticias.com\/index.php\/wp-json\/wp\/v2\/users\/5"}],"replies":[{"embeddable":true,"href":"https:\/\/cdnoticias.com\/index.php\/wp-json\/wp\/v2\/comments?post=27361"}],"version-history":[{"count":0,"href":"https:\/\/cdnoticias.com\/index.php\/wp-json\/wp\/v2\/posts\/27361\/revisions"}],"wp:featuredmedia":[{"embeddable":true,"href":"https:\/\/cdnoticias.com\/index.php\/wp-json\/wp\/v2\/media\/27360"}],"wp:attachment":[{"href":"https:\/\/cdnoticias.com\/index.php\/wp-json\/wp\/v2\/media?parent=27361"}],"wp:term":[{"taxonomy":"category","embeddable":true,"href":"https:\/\/cdnoticias.com\/index.php\/wp-json\/wp\/v2\/categories?post=27361"},{"taxonomy":"post_tag","embeddable":true,"href":"https:\/\/cdnoticias.com\/index.php\/wp-json\/wp\/v2\/tags?post=27361"}],"curies":[{"name":"wp","href":"https:\/\/api.w.org\/{rel}","templated":true}]}}