{"id":27357,"date":"2021-07-22T18:16:12","date_gmt":"2021-07-22T21:16:12","guid":{"rendered":"http:\/\/www.centraldenoticias.com.ar\/?p=27357"},"modified":"2021-07-22T18:16:12","modified_gmt":"2021-07-22T21:16:12","slug":"ezequiel-galli-participo-del-acto-de-lanzamiento-de-diego-santilli","status":"publish","type":"post","link":"https:\/\/cdnoticias.com\/index.php\/2021\/07\/22\/ezequiel-galli-participo-del-acto-de-lanzamiento-de-diego-santilli\/","title":{"rendered":"Ezequiel Galli particip\u00f3 del acto de lanzamiento de Diego Santilli"},"content":{"rendered":"<p>El evento se desarroll\u00f3 en La Plata y tomaron parte una treintena de dirigentes pol\u00edticos, quienes acompa\u00f1aron la precandidatura del vicejefe de gobierno porte\u00f1o.<!--more--><\/p>\n<hr \/>\n<p>El intendente de Olavarr\u00eda Ezequiel Galli particip\u00f3 este jueves en la ciudad de La Plata de<strong>l acto que encabez\u00f3 el precandidato a Diputado Nacional Diego Santilli en el Club H\u00edpico &amp; Golf de City Bell.<\/strong><\/p>\n<p>&nbsp;<\/p>\n<p>Tras el evento que cont\u00f3 con la presencia del Jefe de Gobierno de la Ciudad de Buenos Aires Horacio Rodr\u00edguez Larreta, Elisa Carri\u00f3, Patricia Bullrich, Miguel Pichetto, Graciela Oca\u00f1a, intendentes y dirigentes pol\u00edticos de distintos puntos de la provincia de Buenos Aires,<strong> Galli destac\u00f3 \u201cla participaci\u00f3n de todos los referentes de nuestro espacio\u201d.<\/strong><\/p>\n<p>&nbsp;<\/p>\n<blockquote class=\"twitter-tweet\" data-width=\"550\" data-dnt=\"true\">\n<p lang=\"und\" dir=\"ltr\"><a href=\"https:\/\/twitter.com\/hashtag\/EsElColoSantilli?src=hash&amp;ref_src=twsrc%5Etfw\">#EsElColoSantilli<\/a> <a href=\"https:\/\/t.co\/t6wsbR5Q7J\">pic.twitter.com\/t6wsbR5Q7J<\/a><\/p>\n<p>&mdash; Ezequiel Galli (@ezequielgalli) <a href=\"https:\/\/twitter.com\/ezequielgalli\/status\/1418246958934904834?ref_src=twsrc%5Etfw\">July 22, 2021<\/a><\/p><\/blockquote>\n<p><script async src=\"https:\/\/platform.twitter.com\/widgets.js\" charset=\"utf-8\"><\/script><\/p>\n<p>&nbsp;<\/p>\n<p>Adem\u00e1s, Ezequiel Galli dijo: \u201ctenemos un gran equipo de cara a las PASO del 12 de septiembre que hoy se vio reflejado en el acto que encabez\u00f3 Diego Santilli. Esta es la foto de la unidad de nuestro espacio\u201d.<strong> \u201cSomos una fuerza pol\u00edtica que apuesta a devolverle la esperanza a los bonaerenses que no la est\u00e1n pasando bien. Vamos a trabajar para ser una opci\u00f3n confiable en la Provincia<\/strong>\u201d, agreg\u00f3.<\/p>\n<p>&nbsp;<\/p>\n<p>En este sentido, Galli expres\u00f3: \u201ccomo dijo Diego: tenemos la capacidad de escuchar, de dialogar y de comprometernos con el trabajo como lo hemos hecho estos a\u00f1os\u201d.\u00a0 <strong>\u201cVamos a estar cerca de cada vecino, dando la cara y con todas las energ\u00edas puestas en defender la libertad de todos los vecinos de los 135 distritos de la Provincia\u201d<\/strong>, finaliz\u00f3.<\/p>\n","protected":false},"excerpt":{"rendered":"<p>El evento se desarroll\u00f3 en La Plata y tomaron parte una treintena de dirigentes pol\u00edticos, quienes acompa\u00f1aron la precandidatura del<\/p>\n","protected":false},"author":3,"featured_media":27358,"comment_status":"closed","ping_status":"closed","sticky":false,"template":"","format":"standard","meta":{"_jetpack_memberships_contains_paid_content":false,"footnotes":""},"categories":[4,1],"tags":[],"class_list":["post-27357","post","type-post","status-publish","format-standard","has-post-thumbnail","hentry","category-politica","category-portada"],"jetpack_featured_media_url":"https:\/\/i0.wp.com\/cdnoticias.com\/wp-content\/uploads\/2021\/07\/gallisantilli.jpg?fit=1280%2C855&ssl=1","jetpack_sharing_enabled":true,"_links":{"self":[{"href":"https:\/\/cdnoticias.com\/index.php\/wp-json\/wp\/v2\/posts\/27357","targetHints":{"allow":["GET"]}}],"collection":[{"href":"https:\/\/cdnoticias.com\/index.php\/wp-json\/wp\/v2\/posts"}],"about":[{"href":"https:\/\/cdnoticias.com\/index.php\/wp-json\/wp\/v2\/types\/post"}],"author":[{"embeddable":true,"href":"https:\/\/cdnoticias.com\/index.php\/wp-json\/wp\/v2\/users\/3"}],"replies":[{"embeddable":true,"href":"https:\/\/cdnoticias.com\/index.php\/wp-json\/wp\/v2\/comments?post=27357"}],"version-history":[{"count":0,"href":"https:\/\/cdnoticias.com\/index.php\/wp-json\/wp\/v2\/posts\/27357\/revisions"}],"wp:featuredmedia":[{"embeddable":true,"href":"https:\/\/cdnoticias.com\/index.php\/wp-json\/wp\/v2\/media\/27358"}],"wp:attachment":[{"href":"https:\/\/cdnoticias.com\/index.php\/wp-json\/wp\/v2\/media?parent=27357"}],"wp:term":[{"taxonomy":"category","embeddable":true,"href":"https:\/\/cdnoticias.com\/index.php\/wp-json\/wp\/v2\/categories?post=27357"},{"taxonomy":"post_tag","embeddable":true,"href":"https:\/\/cdnoticias.com\/index.php\/wp-json\/wp\/v2\/tags?post=27357"}],"curies":[{"name":"wp","href":"https:\/\/api.w.org\/{rel}","templated":true}]}}